

{"id":7860,"date":"2022-03-30T00:31:00","date_gmt":"2022-03-30T00:31:00","guid":{"rendered":"https:\/\/www.in-magazines.com\/magazine\/?p=7860"},"modified":"2022-04-12T11:39:17","modified_gmt":"2022-04-12T11:39:17","slug":"reducbox-fete-des-meres-fete-des-peres-et-si-vous-offriez-a-vos-salaries-une-carte-cadeau","status":"publish","type":"post","link":"https:\/\/www.in-magazines.com\/magazine\/sommaire\/inmagazine-26\/reducbox-fete-des-meres-fete-des-peres-et-si-vous-offriez-a-vos-salaries-une-carte-cadeau\/","title":{"rendered":"REDUCBOX : F\u00caTE DES M\u00c8RES &#038; F\u00caTE DES P\u00c8RES Et si vous offriez \u00e0 vos salari\u00e9s une CARTE CADEAU ?"},"content":{"rendered":"\n<p>Pensez \u00e0 vos salari\u00e9s devenus parents et c\u00e9l\u00e9brez-les en leur offrant une E-Carte Cadeau d\u00e9di\u00e9e \u00e0 leur situation. Les f\u00eates des m\u00e8res et des p\u00e8res sont d\u00e9finies comme des \u00e9v\u00e9nements URSSAF qui vous permettent de faire profiter vos salari\u00e9s d\u2019E-Cartes Cadeaux exon\u00e9r\u00e9es de charges sociales et fiscales.<\/p>\n\n\n\n<p>Ne vous limitez plus \u00e0 une s\u00e9lection de 500 enseignes comme le sont les cartes cadeau et ch\u00e8ques cadeau du march\u00e9. L\u2019utilisation de la E-Carte REDUCBOX se fait directement sur la plate forme avantages et loisirs du m\u00eame nom via les bons d\u2019achat remis\u00e9s. Il est possible d\u2019utiliser cette E-Carte Cadeau sur un large choix de produits et activit\u00e9s tels que : les parcs d\u2019attractions, les voyages et vacances, les grandes marques et la grande distribution, le cin\u00e9ma, les concerts et les spectacles, la presse magazine\u2026<\/p>\n\n\n\n<p>Et si votre salari\u00e9 n\u2019a pas eu le plaisir de trouver son bonheur sur la plateforme REDUCBOX ? Il peut se faire rembourser sur facture un achat effectu\u00e9 en dehors de la plateforme via le module de Remboursement en utilisant le montant de sa cagnotte (c\u2019est-\u00e0-dire la somme de ses E-Cartes cumul\u00e9es).<\/p>\n\n\n\n<h2 class=\"wp-block-heading\"><strong>D\u00e9couvrez comme il est facile d\u2019offrir une E-Carte Cadeau REDUCBOX \u00e0 ses salari\u00e9s pour les f\u00eates des m\u00e8res et p\u00e8res<\/strong><\/h2>\n\n\n\n<p>Sur REDUCBOX, on a choisi de vous faciliter la vie. Pour offrir une E-Carte Cadeau c\u00e9l\u00e9brant la f\u00eate des m\u00e8res ou des p\u00e8res, il suffit de s\u00e9lectionner dans le menu d\u00e9roulant l\u2019\u00e9v\u00e8nement correspondant \u00e0 cette occasion, d\u2019y verser une somme et de s\u00e9lectionner les b\u00e9n\u00e9ficiaires dans la liste de vos ayants droit. 171 \u20ac, c\u2019est le montant du plafond de la somme qui peut \u00eatre vers\u00e9e par \u00e9v\u00e8nement, par an et par salari\u00e9 pour entrer dans le cadre de l\u2019exon\u00e9ration de charges sociales et fiscales. Il est bien entendu possible d\u2019attribuer une E-Carte Cadeau d\u2019un montant sup\u00e9rieur \u00e0 ses salari\u00e9s, mais seuls les 171&nbsp;\u20ac seront exon\u00e9r\u00e9s.<\/p>\n\n\n<a href=\"#\" class=\"_3d-flip-book  fb3d-link-lightbox-mode\" data-id=\"8000\" data-mode=\"link-lightbox\" data-title=\"false\" data-template=\"short-white-book-view\" data-lightbox=\"dark\" data-urlparam=\"fb3d-page\" data-page-n=\"0\" data-pdf=\"\" data-tax=\"null\" data-thumbnail=\"\" data-cols=\"3\" data-query=\"\"><img decoding=\"async\" src=\"http:\/\/www.in-magazines.com\/magazine\/wp-content\/uploads\/2021\/05\/btn.jpg\"><\/a>\n","protected":false},"excerpt":{"rendered":"<p>Pensez &agrave; vos salari&eacute;s devenus parents et c&eacute;l&eacute;brez-les en leur offrant une E-Carte Cadeau d&eacute;di&eacute;e &agrave; leur situation. Les f&ecirc;tes des m&egrave;res et des p&egrave;res sont d&eacute;finies comme des &eacute;v&eacute;nements URSSAF qui vous permettent de faire profiter vos salari&eacute;s d&rsquo;E-Cartes Cadeaux exon&eacute;r&eacute;es de charges sociales et fiscales. Ne vous limitez plus &agrave; une s&eacute;lection de&hellip; <a class=\"more-link\" href=\"https:\/\/www.in-magazines.com\/magazine\/sommaire\/inmagazine-26\/reducbox-fete-des-meres-fete-des-peres-et-si-vous-offriez-a-vos-salaries-une-carte-cadeau\/\">Poursuivre la lecture <span class=\"screen-reader-text\">REDUCBOX : F\u00caTE DES M\u00c8RES &#038; F\u00caTE DES P\u00c8RES Et si vous offriez \u00e0 vos salari\u00e9s une CARTE CADEAU ?<\/span><\/a><\/p>\n","protected":false},"author":1,"featured_media":7863,"comment_status":"open","ping_status":"open","sticky":false,"template":"","format":"standard","meta":{"footnotes":""},"categories":[1599,5],"tags":[50],"yoast_head":"<!-- This site is optimized with the Yoast SEO plugin v16.2 - https:\/\/yoast.com\/wordpress\/plugins\/seo\/ -->\n<title>REDUCBOX : F\u00caTE DES M\u00c8RES &amp; F\u00caTE DES P\u00c8RES Et si vous offriez \u00e0 vos salari\u00e9s une CARTE CADEAU ? - In Magazines<\/title>\n<meta name=\"robots\" content=\"index, follow, max-snippet:-1, max-image-preview:large, max-video-preview:-1\" \/>\n<link rel=\"canonical\" href=\"https:\/\/www.in-magazines.com\/magazine\/sommaire\/inmagazine-26\/reducbox-fete-des-meres-fete-des-peres-et-si-vous-offriez-a-vos-salaries-une-carte-cadeau\/\" \/>\n<meta property=\"og:locale\" content=\"fr_FR\" \/>\n<meta property=\"og:type\" content=\"article\" \/>\n<meta property=\"og:title\" content=\"REDUCBOX : F\u00caTE DES M\u00c8RES &amp; F\u00caTE DES P\u00c8RES Et si vous offriez \u00e0 vos salari\u00e9s une CARTE CADEAU ? - In Magazines\" \/>\n<meta property=\"og:description\" content=\"Pensez &agrave; vos salari&eacute;s devenus parents et c&eacute;l&eacute;brez-les en leur offrant une E-Carte Cadeau d&eacute;di&eacute;e &agrave; leur situation. Les f&ecirc;tes des m&egrave;res et des p&egrave;res sont d&eacute;finies comme des &eacute;v&eacute;nements URSSAF qui vous permettent de faire profiter vos salari&eacute;s d&rsquo;E-Cartes Cadeaux exon&eacute;r&eacute;es de charges sociales et fiscales. Ne vous limitez plus &agrave; une s&eacute;lection de&hellip; Poursuivre la lecture REDUCBOX : F\u00caTE DES M\u00c8RES &#038; F\u00caTE DES P\u00c8RES Et si vous offriez \u00e0 vos salari\u00e9s une CARTE CADEAU ?\" \/>\n<meta property=\"og:url\" content=\"https:\/\/www.in-magazines.com\/magazine\/sommaire\/inmagazine-26\/reducbox-fete-des-meres-fete-des-peres-et-si-vous-offriez-a-vos-salaries-une-carte-cadeau\/\" \/>\n<meta property=\"og:site_name\" content=\"In Magazines\" \/>\n<meta property=\"article:published_time\" content=\"2022-03-30T00:31:00+00:00\" \/>\n<meta property=\"article:modified_time\" content=\"2022-04-12T11:39:17+00:00\" \/>\n<meta property=\"og:image\" content=\"http:\/\/www.in-magazines.com\/magazine\/wp-content\/uploads\/2022\/03\/REDUCBOX-FETE-DES-MERES-FETE-DES-PERES-Et-si-vous-offriez-a-vos-salaries-une-CARTE-CADEAU.jpg\" \/>\n\t<meta property=\"og:image:width\" content=\"389\" \/>\n\t<meta property=\"og:image:height\" content=\"737\" \/>\n<meta name=\"twitter:label1\" content=\"Dur\u00e9e de lecture est.\">\n\t<meta name=\"twitter:data1\" content=\"2 minutes\">\n<script type=\"application\/ld+json\" class=\"yoast-schema-graph\">{\"@context\":\"https:\/\/schema.org\",\"@graph\":[{\"@type\":\"WebSite\",\"@id\":\"https:\/\/www.in-magazines.com\/magazine\/#website\",\"url\":\"https:\/\/www.in-magazines.com\/magazine\/\",\"name\":\"In Magazines\",\"description\":\"\",\"potentialAction\":[{\"@type\":\"SearchAction\",\"target\":\"https:\/\/www.in-magazines.com\/magazine\/?s={search_term_string}\",\"query-input\":\"required name=search_term_string\"}],\"inLanguage\":\"fr-FR\"},{\"@type\":\"ImageObject\",\"@id\":\"https:\/\/www.in-magazines.com\/magazine\/sommaire\/inmagazine-26\/reducbox-fete-des-meres-fete-des-peres-et-si-vous-offriez-a-vos-salaries-une-carte-cadeau\/#primaryimage\",\"inLanguage\":\"fr-FR\",\"url\":\"https:\/\/www.in-magazines.com\/magazine\/wp-content\/uploads\/2022\/03\/REDUCBOX-FETE-DES-MERES-FETE-DES-PERES-Et-si-vous-offriez-a-vos-salaries-une-CARTE-CADEAU.jpg\",\"contentUrl\":\"https:\/\/www.in-magazines.com\/magazine\/wp-content\/uploads\/2022\/03\/REDUCBOX-FETE-DES-MERES-FETE-DES-PERES-Et-si-vous-offriez-a-vos-salaries-une-CARTE-CADEAU.jpg\",\"width\":389,\"height\":737},{\"@type\":\"WebPage\",\"@id\":\"https:\/\/www.in-magazines.com\/magazine\/sommaire\/inmagazine-26\/reducbox-fete-des-meres-fete-des-peres-et-si-vous-offriez-a-vos-salaries-une-carte-cadeau\/#webpage\",\"url\":\"https:\/\/www.in-magazines.com\/magazine\/sommaire\/inmagazine-26\/reducbox-fete-des-meres-fete-des-peres-et-si-vous-offriez-a-vos-salaries-une-carte-cadeau\/\",\"name\":\"REDUCBOX : F\\u00caTE DES M\\u00c8RES & F\\u00caTE DES P\\u00c8RES Et si vous offriez \\u00e0 vos salari\\u00e9s une CARTE CADEAU ? - In Magazines\",\"isPartOf\":{\"@id\":\"https:\/\/www.in-magazines.com\/magazine\/#website\"},\"primaryImageOfPage\":{\"@id\":\"https:\/\/www.in-magazines.com\/magazine\/sommaire\/inmagazine-26\/reducbox-fete-des-meres-fete-des-peres-et-si-vous-offriez-a-vos-salaries-une-carte-cadeau\/#primaryimage\"},\"datePublished\":\"2022-03-30T00:31:00+00:00\",\"dateModified\":\"2022-04-12T11:39:17+00:00\",\"author\":{\"@id\":\"https:\/\/www.in-magazines.com\/magazine\/#\/schema\/person\/c27e7dabb9a1ef380814bdd5636d07e3\"},\"breadcrumb\":{\"@id\":\"https:\/\/www.in-magazines.com\/magazine\/sommaire\/inmagazine-26\/reducbox-fete-des-meres-fete-des-peres-et-si-vous-offriez-a-vos-salaries-une-carte-cadeau\/#breadcrumb\"},\"inLanguage\":\"fr-FR\",\"potentialAction\":[{\"@type\":\"ReadAction\",\"target\":[\"https:\/\/www.in-magazines.com\/magazine\/sommaire\/inmagazine-26\/reducbox-fete-des-meres-fete-des-peres-et-si-vous-offriez-a-vos-salaries-une-carte-cadeau\/\"]}]},{\"@type\":\"BreadcrumbList\",\"@id\":\"https:\/\/www.in-magazines.com\/magazine\/sommaire\/inmagazine-26\/reducbox-fete-des-meres-fete-des-peres-et-si-vous-offriez-a-vos-salaries-une-carte-cadeau\/#breadcrumb\",\"itemListElement\":[{\"@type\":\"ListItem\",\"position\":1,\"item\":{\"@id\":\"https:\/\/www.in-magazines.com\/magazine\/sommaire\/inmagazine-26\/reducbox-fete-des-meres-fete-des-peres-et-si-vous-offriez-a-vos-salaries-une-carte-cadeau\/#webpage\"}}]},{\"@type\":\"Person\",\"@id\":\"https:\/\/www.in-magazines.com\/magazine\/#\/schema\/person\/c27e7dabb9a1ef380814bdd5636d07e3\",\"name\":\"backinmag\",\"image\":{\"@type\":\"ImageObject\",\"@id\":\"https:\/\/www.in-magazines.com\/magazine\/#personlogo\",\"inLanguage\":\"fr-FR\",\"url\":\"https:\/\/secure.gravatar.com\/avatar\/13a234bb19dc4fd04793d73c3472fbdb?s=96&d=mm&r=g\",\"contentUrl\":\"https:\/\/secure.gravatar.com\/avatar\/13a234bb19dc4fd04793d73c3472fbdb?s=96&d=mm&r=g\",\"caption\":\"backinmag\"},\"sameAs\":[\"http:\/\/www.in-magazines.com\/magazin\"]}]}<\/script>\n<!-- \/ Yoast SEO plugin. -->","_links":{"self":[{"href":"https:\/\/www.in-magazines.com\/magazine\/wp-json\/wp\/v2\/posts\/7860"}],"collection":[{"href":"https:\/\/www.in-magazines.com\/magazine\/wp-json\/wp\/v2\/posts"}],"about":[{"href":"https:\/\/www.in-magazines.com\/magazine\/wp-json\/wp\/v2\/types\/post"}],"author":[{"embeddable":true,"href":"https:\/\/www.in-magazines.com\/magazine\/wp-json\/wp\/v2\/users\/1"}],"replies":[{"embeddable":true,"href":"https:\/\/www.in-magazines.com\/magazine\/wp-json\/wp\/v2\/comments?post=7860"}],"version-history":[{"count":8,"href":"https:\/\/www.in-magazines.com\/magazine\/wp-json\/wp\/v2\/posts\/7860\/revisions"}],"predecessor-version":[{"id":8230,"href":"https:\/\/www.in-magazines.com\/magazine\/wp-json\/wp\/v2\/posts\/7860\/revisions\/8230"}],"wp:featuredmedia":[{"embeddable":true,"href":"https:\/\/www.in-magazines.com\/magazine\/wp-json\/wp\/v2\/media\/7863"}],"wp:attachment":[{"href":"https:\/\/www.in-magazines.com\/magazine\/wp-json\/wp\/v2\/media?parent=7860"}],"wp:term":[{"taxonomy":"category","embeddable":true,"href":"https:\/\/www.in-magazines.com\/magazine\/wp-json\/wp\/v2\/categories?post=7860"},{"taxonomy":"post_tag","embeddable":true,"href":"https:\/\/www.in-magazines.com\/magazine\/wp-json\/wp\/v2\/tags?post=7860"}],"curies":[{"name":"wp","href":"https:\/\/api.w.org\/{rel}","templated":true}]}}