

{"id":7878,"date":"2022-03-30T00:34:00","date_gmt":"2022-03-30T00:34:00","guid":{"rendered":"https:\/\/www.in-magazines.com\/magazine\/?p=7878"},"modified":"2022-04-12T10:03:07","modified_gmt":"2022-04-12T10:03:07","slug":"cariviera-toujours-mobilise-sur-lecomobilite","status":"publish","type":"post","link":"https:\/\/www.in-magazines.com\/magazine\/sommaire\/inmagazine-26\/cariviera-toujours-mobilise-sur-lecomobilite\/","title":{"rendered":"CARIVIERA : Toujours mobilis\u00e9 SUR L\u2019\u00c9COMOBILIT\u00c9"},"content":{"rendered":"\n<p>Directeur Fleet R\u00e9gion Sud pour Cariviera Volkswagen Group, Philippe Didier nous explique en quoi la politique RSE du groupe rejaillit sur les collaborateurs en interne comme sur les clients et participe d\u2019une large prise de conscience, collective et engag\u00e9e :<\/p>\n\n\n\n<h2 class=\"wp-block-heading\"><strong>Chez Cariviera, vous \u00eates en pleine r\u00e9flexion sur l\u2019\u00e9comobilit\u00e9. Quels sont les grands axes sur lesquels vous allez travailler ?<\/strong><\/h2>\n\n\n\n<p><strong>Philippe Didier :<\/strong> Tout d\u2019abord, la r\u00e9flexion RSE n\u2019est pas une nouveaut\u00e9 dans le groupe Volkswagen puisque nous sommes la premi\u00e8re marque et le 1er r\u00e9seau \u00e0 avoir adh\u00e9r\u00e9 il y a 20 ans environ, au programme Charteco qui nous permet de recycler 100 % des d\u00e9chets issus de nos ateliers. De plus, le groupe Volkswagen s\u2019est engag\u00e9 au niveau mondial sur un programme Way to Zero qui tend vers une neutralit\u00e9 Carbone en 2030. D\u2019ores et d\u00e9j\u00e0, plusieurs usines de fabrication de v\u00e9hicules sont neutres en \u00e9mission de Carbone avec production de leur propre \u00e9nergie renouvelable.<\/p>\n\n\n\n<h2 class=\"wp-block-heading\"><strong>En interne, qu\u2019apportez-vous \u00e0 vos collaborateurs pour renforcer la QVT (Qualit\u00e9 de Vie au Travail), en lien avec la RSE ?<\/strong><\/h2>\n\n\n\n<p>Chez Cariviera, nous avons lanc\u00e9 en fin d\u2019ann\u00e9e 2021 une plateforme collaborative o\u00f9 chaque salari\u00e9 propose des actions afin de favoriser une activit\u00e9 plus en ad\u00e9quation avec les pr\u00e9occupations soci\u00e9tales. Cela s\u2019illustre, entre autres, par des projets de nature aussi diff\u00e9rentes que des ruches install\u00e9es sur nos diff\u00e9rents sites, l\u2019\u00e9tude de mises en place de panneaux solaires pour fournir \u00e0 nos clients de v\u00e9hicules \u00e9lectriques des recharges \u00e0 100 % issues de l\u2019\u00e9nergie solaire ou encore le d\u00e9veloppement de solutions d\u2019autopartage\u2026<\/p>\n\n\n\n<p>Nous souhaitons nous inscrire dans une mutation de notre activit\u00e9 pour \u00eatre en ad\u00e9quation avec le mode de d\u00e9placement de demain : nous avons m\u00eame d\u00e9but\u00e9 la commercialisation de trottinettes et scooters \u00e9lectriques en compl\u00e9ment de notre activit\u00e9 automobile !<\/p>\n\n\n\n<h2 class=\"wp-block-heading\"><strong>Vis-\u00e0-vis de vos clients entreprise, quelles solutions proposez-vous pour qu\u2019ils renforcent leur politique RSE ?<\/strong><\/h2>\n\n\n\n<p>Nous accompagnons nos clients dans la mise au vert de leur parc automobile avec la gamme la plus large de v\u00e9hicules \u00e9lectriques du march\u00e9 ; la gamme la plus large de v\u00e9hicules hybrides rechargeables du march\u00e9 ; l\u2019aide \u00e0 l\u2019Installation de bornes \u00e9lectriques et nous leur proposons des \u00e9tudes de co\u00fbt global qui permettent l\u2019optimisation des avantages fiscaux offerts par les v\u00e9hicules \u00ab verts \u00bb.<\/p>\n\n\n<a href=\"#\" class=\"_3d-flip-book  fb3d-link-lightbox-mode\" data-id=\"8190\" data-mode=\"link-lightbox\" data-title=\"false\" data-template=\"short-white-book-view\" data-lightbox=\"dark\" data-urlparam=\"fb3d-page\" data-page-n=\"0\" data-pdf=\"\" data-tax=\"null\" data-thumbnail=\"\" data-cols=\"3\" data-query=\"\"><img decoding=\"async\" src=\"http:\/\/www.in-magazines.com\/magazine\/wp-content\/uploads\/2021\/05\/btn.jpg\"><\/a>\n","protected":false},"excerpt":{"rendered":"<p>Directeur Fleet R&eacute;gion Sud pour Cariviera Volkswagen Group, Philippe Didier nous explique en quoi la politique RSE du groupe rejaillit sur les collaborateurs en interne comme sur les clients et participe d&rsquo;une large prise de conscience, collective et engag&eacute;e : Chez Cariviera, vous &ecirc;tes en pleine r&eacute;flexion sur l&rsquo;&eacute;comobilit&eacute;. Quels sont les grands axes sur&hellip; <a class=\"more-link\" href=\"https:\/\/www.in-magazines.com\/magazine\/sommaire\/inmagazine-26\/cariviera-toujours-mobilise-sur-lecomobilite\/\">Poursuivre la lecture <span class=\"screen-reader-text\">CARIVIERA : Toujours mobilis\u00e9 SUR L\u2019\u00c9COMOBILIT\u00c9<\/span><\/a><\/p>\n","protected":false},"author":1,"featured_media":7879,"comment_status":"open","ping_status":"open","sticky":false,"template":"","format":"standard","meta":{"footnotes":""},"categories":[1599,5],"tags":[288,289,1604],"yoast_head":"<!-- This site is optimized with the Yoast SEO plugin v16.2 - https:\/\/yoast.com\/wordpress\/plugins\/seo\/ -->\n<title>CARIVIERA : Toujours mobilis\u00e9 SUR L\u2019\u00c9COMOBILIT\u00c9 - In Magazines<\/title>\n<meta name=\"robots\" content=\"index, follow, max-snippet:-1, max-image-preview:large, max-video-preview:-1\" \/>\n<link rel=\"canonical\" href=\"https:\/\/www.in-magazines.com\/magazine\/sommaire\/inmagazine-26\/cariviera-toujours-mobilise-sur-lecomobilite\/\" \/>\n<meta property=\"og:locale\" content=\"fr_FR\" \/>\n<meta property=\"og:type\" content=\"article\" \/>\n<meta property=\"og:title\" content=\"CARIVIERA : Toujours mobilis\u00e9 SUR L\u2019\u00c9COMOBILIT\u00c9 - In Magazines\" \/>\n<meta property=\"og:description\" content=\"Directeur Fleet R&eacute;gion Sud pour Cariviera Volkswagen Group, Philippe Didier nous explique en quoi la politique RSE du groupe rejaillit sur les collaborateurs en interne comme sur les clients et participe d&rsquo;une large prise de conscience, collective et engag&eacute;e : Chez Cariviera, vous &ecirc;tes en pleine r&eacute;flexion sur l&rsquo;&eacute;comobilit&eacute;. Quels sont les grands axes sur&hellip; Poursuivre la lecture CARIVIERA : Toujours mobilis\u00e9 SUR L\u2019\u00c9COMOBILIT\u00c9\" \/>\n<meta property=\"og:url\" content=\"https:\/\/www.in-magazines.com\/magazine\/sommaire\/inmagazine-26\/cariviera-toujours-mobilise-sur-lecomobilite\/\" \/>\n<meta property=\"og:site_name\" content=\"In Magazines\" \/>\n<meta property=\"article:published_time\" content=\"2022-03-30T00:34:00+00:00\" \/>\n<meta property=\"article:modified_time\" content=\"2022-04-12T10:03:07+00:00\" \/>\n<meta property=\"og:image\" content=\"http:\/\/www.in-magazines.com\/magazine\/wp-content\/uploads\/2022\/03\/CARIVIERA-Toujours-mobilise-SUR-LECOMOBILITE.jpg\" \/>\n\t<meta property=\"og:image:width\" content=\"381\" \/>\n\t<meta property=\"og:image:height\" content=\"571\" \/>\n<meta name=\"twitter:label1\" content=\"Dur\u00e9e de lecture est.\">\n\t<meta name=\"twitter:data1\" content=\"2 minutes\">\n<script type=\"application\/ld+json\" class=\"yoast-schema-graph\">{\"@context\":\"https:\/\/schema.org\",\"@graph\":[{\"@type\":\"WebSite\",\"@id\":\"https:\/\/www.in-magazines.com\/magazine\/#website\",\"url\":\"https:\/\/www.in-magazines.com\/magazine\/\",\"name\":\"In Magazines\",\"description\":\"\",\"potentialAction\":[{\"@type\":\"SearchAction\",\"target\":\"https:\/\/www.in-magazines.com\/magazine\/?s={search_term_string}\",\"query-input\":\"required name=search_term_string\"}],\"inLanguage\":\"fr-FR\"},{\"@type\":\"ImageObject\",\"@id\":\"https:\/\/www.in-magazines.com\/magazine\/sommaire\/inmagazine-26\/cariviera-toujours-mobilise-sur-lecomobilite\/#primaryimage\",\"inLanguage\":\"fr-FR\",\"url\":\"https:\/\/www.in-magazines.com\/magazine\/wp-content\/uploads\/2022\/03\/CARIVIERA-Toujours-mobilise-SUR-LECOMOBILITE.jpg\",\"contentUrl\":\"https:\/\/www.in-magazines.com\/magazine\/wp-content\/uploads\/2022\/03\/CARIVIERA-Toujours-mobilise-SUR-LECOMOBILITE.jpg\",\"width\":381,\"height\":571},{\"@type\":\"WebPage\",\"@id\":\"https:\/\/www.in-magazines.com\/magazine\/sommaire\/inmagazine-26\/cariviera-toujours-mobilise-sur-lecomobilite\/#webpage\",\"url\":\"https:\/\/www.in-magazines.com\/magazine\/sommaire\/inmagazine-26\/cariviera-toujours-mobilise-sur-lecomobilite\/\",\"name\":\"CARIVIERA : Toujours mobilis\\u00e9 SUR L\\u2019\\u00c9COMOBILIT\\u00c9 - In Magazines\",\"isPartOf\":{\"@id\":\"https:\/\/www.in-magazines.com\/magazine\/#website\"},\"primaryImageOfPage\":{\"@id\":\"https:\/\/www.in-magazines.com\/magazine\/sommaire\/inmagazine-26\/cariviera-toujours-mobilise-sur-lecomobilite\/#primaryimage\"},\"datePublished\":\"2022-03-30T00:34:00+00:00\",\"dateModified\":\"2022-04-12T10:03:07+00:00\",\"author\":{\"@id\":\"https:\/\/www.in-magazines.com\/magazine\/#\/schema\/person\/c27e7dabb9a1ef380814bdd5636d07e3\"},\"breadcrumb\":{\"@id\":\"https:\/\/www.in-magazines.com\/magazine\/sommaire\/inmagazine-26\/cariviera-toujours-mobilise-sur-lecomobilite\/#breadcrumb\"},\"inLanguage\":\"fr-FR\",\"potentialAction\":[{\"@type\":\"ReadAction\",\"target\":[\"https:\/\/www.in-magazines.com\/magazine\/sommaire\/inmagazine-26\/cariviera-toujours-mobilise-sur-lecomobilite\/\"]}]},{\"@type\":\"BreadcrumbList\",\"@id\":\"https:\/\/www.in-magazines.com\/magazine\/sommaire\/inmagazine-26\/cariviera-toujours-mobilise-sur-lecomobilite\/#breadcrumb\",\"itemListElement\":[{\"@type\":\"ListItem\",\"position\":1,\"item\":{\"@id\":\"https:\/\/www.in-magazines.com\/magazine\/sommaire\/inmagazine-26\/cariviera-toujours-mobilise-sur-lecomobilite\/#webpage\"}}]},{\"@type\":\"Person\",\"@id\":\"https:\/\/www.in-magazines.com\/magazine\/#\/schema\/person\/c27e7dabb9a1ef380814bdd5636d07e3\",\"name\":\"backinmag\",\"image\":{\"@type\":\"ImageObject\",\"@id\":\"https:\/\/www.in-magazines.com\/magazine\/#personlogo\",\"inLanguage\":\"fr-FR\",\"url\":\"https:\/\/secure.gravatar.com\/avatar\/13a234bb19dc4fd04793d73c3472fbdb?s=96&d=mm&r=g\",\"contentUrl\":\"https:\/\/secure.gravatar.com\/avatar\/13a234bb19dc4fd04793d73c3472fbdb?s=96&d=mm&r=g\",\"caption\":\"backinmag\"},\"sameAs\":[\"http:\/\/www.in-magazines.com\/magazin\"]}]}<\/script>\n<!-- \/ Yoast SEO plugin. -->","_links":{"self":[{"href":"https:\/\/www.in-magazines.com\/magazine\/wp-json\/wp\/v2\/posts\/7878"}],"collection":[{"href":"https:\/\/www.in-magazines.com\/magazine\/wp-json\/wp\/v2\/posts"}],"about":[{"href":"https:\/\/www.in-magazines.com\/magazine\/wp-json\/wp\/v2\/types\/post"}],"author":[{"embeddable":true,"href":"https:\/\/www.in-magazines.com\/magazine\/wp-json\/wp\/v2\/users\/1"}],"replies":[{"embeddable":true,"href":"https:\/\/www.in-magazines.com\/magazine\/wp-json\/wp\/v2\/comments?post=7878"}],"version-history":[{"count":6,"href":"https:\/\/www.in-magazines.com\/magazine\/wp-json\/wp\/v2\/posts\/7878\/revisions"}],"predecessor-version":[{"id":8194,"href":"https:\/\/www.in-magazines.com\/magazine\/wp-json\/wp\/v2\/posts\/7878\/revisions\/8194"}],"wp:featuredmedia":[{"embeddable":true,"href":"https:\/\/www.in-magazines.com\/magazine\/wp-json\/wp\/v2\/media\/7879"}],"wp:attachment":[{"href":"https:\/\/www.in-magazines.com\/magazine\/wp-json\/wp\/v2\/media?parent=7878"}],"wp:term":[{"taxonomy":"category","embeddable":true,"href":"https:\/\/www.in-magazines.com\/magazine\/wp-json\/wp\/v2\/categories?post=7878"},{"taxonomy":"post_tag","embeddable":true,"href":"https:\/\/www.in-magazines.com\/magazine\/wp-json\/wp\/v2\/tags?post=7878"}],"curies":[{"name":"wp","href":"https:\/\/api.w.org\/{rel}","templated":true}]}}