

{"id":7893,"date":"2022-03-30T00:37:00","date_gmt":"2022-03-30T00:37:00","guid":{"rendered":"https:\/\/www.in-magazines.com\/magazine\/?p=7893"},"modified":"2022-04-12T11:34:52","modified_gmt":"2022-04-12T11:34:52","slug":"la-mutuelle-generale-pour-accompagner-les-dirigeants-sur-les-sujets-rse","status":"publish","type":"post","link":"https:\/\/www.in-magazines.com\/magazine\/sommaire\/inmagazine-26\/la-mutuelle-generale-pour-accompagner-les-dirigeants-sur-les-sujets-rse\/","title":{"rendered":"LA MUTUELLE G\u00c9N\u00c9RALE : POUR ACCOMPAGNER les dirigeants sur les sujets RSE"},"content":{"rendered":"\n<p>La RSE (Responsabilit\u00e9 Soci\u00e9tale des Entreprises) permet de prendre en compte les enjeux environnementaux, sociaux, \u00e9conomiques et \u00e9thiques des entreprises de toute taille. D\u00e9sormais incontournable, elle vient en r\u00e9ponse \u00e0 une demande croissante des salari\u00e9s et des clients consommateurs. A La Mutuelle G\u00e9n\u00e9rale, il a ainsi \u00e9t\u00e9 choisi d\u2019accompagner les dirigeants d\u2019entreprises sur ces sujets, \u00e0 l\u2019aide de nombreux outils.<\/p>\n\n\n\n<h2 class=\"wp-block-heading\"><strong>Aupr\u00e8s de ses clients\u2026<\/strong><\/h2>\n\n\n\n<p>Ainsi La Mutuelle G\u00e9n\u00e9rale poursuit un dialogue constant avec les dirigeants et les chefs d\u2019entreprise pour les informer sur leurs enjeux en mati\u00e8re de sant\u00e9, de protection sociale, d\u2019organisation du travail et de QVT (qualit\u00e9 de vie au travail). La crise sanitaire n\u2019a en rien frein\u00e9 cette mission de sensibilisation ; elle s\u2019est m\u00eame renforc\u00e9e \u00e0 travers de nombreuses initiatives : ateliers, conf\u00e9rences, clubs\u2026 Et en 2021, ayant mis en place une nouvelle organisation du travail en interne, l\u2019Open travail*, La Mutuelle G\u00e9n\u00e9rale a d\u00e9cid\u00e9 de cr\u00e9er un blog collaboratif \u2013 opentravail-lab.fr \u2013 qui alimente les r\u00e9flexions autour des nouvelles organisations du travail induites par la crise sanitaire.<\/p>\n\n\n\n<h2 class=\"wp-block-heading\">\u2026\u2026<strong>comme de ses collaborateurs<\/strong><\/h2>\n\n\n\n<p>A l\u2019instar de l\u2019organisation du travail, la QVT et la pr\u00e9vention des risques psychosociaux sont des \u00e9l\u00e9ments importants de la politique sociale d\u2019une entreprise responsable. Pour pr\u00e9venir ces risques et simplifier le quotidien des salari\u00e9s, La Mutuelle G\u00e9n\u00e9rale propose \u00e0 ses collaborateurs et \u00e0 ses entreprises clientes des services con\u00e7us pour favoriser l\u2019\u00e9quilibre de vie professionnelle\/ vie personnelle. D\u00e9velopp\u00e9s par sa filiale Flex Conseils et Service, ils permettent \u00e9galement de renforcer l\u2019engagement des collaborateurs et la performance de l\u2019entreprise. Accessibles via la plateforme flexservice.fr, ils sont test\u00e9s en avant premi\u00e8re par les collaborateurs de La Mutuelle G\u00e9n\u00e9rale : t\u00e9l\u00e9consultation m\u00e9dicale avec la plateforme e-sant\u00e9 mes-docteurs, second avis m\u00e9dical, plateforme d\u2019aide aux devoirs, plateforme de services \u00e0 la personne.<\/p>\n\n\n\n<h2 class=\"wp-block-heading\"><strong>Aupr\u00e8s des salari\u00e9s aidants<\/strong><\/h2>\n\n\n\n<p>En plus de ces actions, La Mutuelle G\u00e9n\u00e9rale a d\u00e9cid\u00e9 d\u2019intensifier son soutien aux salari\u00e9s en situation difficile \u2013 maladie, salari\u00e9-aidant, handicap. Ses collaborateurs b\u00e9n\u00e9ficient d\u2019un acc\u00e8s \u00e0 une plateforme d\u2019\u00e9coute, d\u2019information et d\u2019orientation des aidants via leur compte Flex. Elle leur permet d\u2019\u00eatre mis en relation, avec un expert d\u00e9di\u00e9 (care manager) qui accompagne l\u2019aidant dans tous les aspects pratiques (conseils, recherche de solutions d\u2019aide et r\u00e9pit).<\/p>\n\n\n<a href=\"#\" class=\"_3d-flip-book  fb3d-link-lightbox-mode\" data-id=\"8169\" data-mode=\"link-lightbox\" data-title=\"false\" data-template=\"short-white-book-view\" data-lightbox=\"dark\" data-urlparam=\"fb3d-page\" data-page-n=\"0\" data-pdf=\"\" data-tax=\"null\" data-thumbnail=\"\" data-cols=\"3\" data-query=\"\"><img decoding=\"async\" src=\"http:\/\/www.in-magazines.com\/magazine\/wp-content\/uploads\/2021\/05\/btn.jpg\"><\/a>\n","protected":false},"excerpt":{"rendered":"<p>La RSE (Responsabilit&eacute; Soci&eacute;tale des Entreprises) permet de prendre en compte les enjeux environnementaux, sociaux, &eacute;conomiques et &eacute;thiques des entreprises de toute taille. D&eacute;sormais incontournable, elle vient en r&eacute;ponse &agrave; une demande croissante des salari&eacute;s et des clients consommateurs. A La Mutuelle G&eacute;n&eacute;rale, il a ainsi &eacute;t&eacute; choisi d&rsquo;accompagner les dirigeants d&rsquo;entreprises sur ces sujets,&hellip; <a class=\"more-link\" href=\"https:\/\/www.in-magazines.com\/magazine\/sommaire\/inmagazine-26\/la-mutuelle-generale-pour-accompagner-les-dirigeants-sur-les-sujets-rse\/\">Poursuivre la lecture <span class=\"screen-reader-text\">LA MUTUELLE G\u00c9N\u00c9RALE : POUR ACCOMPAGNER les dirigeants sur les sujets RSE<\/span><\/a><\/p>\n","protected":false},"author":1,"featured_media":7895,"comment_status":"open","ping_status":"open","sticky":false,"template":"","format":"standard","meta":{"footnotes":""},"categories":[1599,5],"tags":[1025,1606],"yoast_head":"<!-- This site is optimized with the Yoast SEO plugin v16.2 - https:\/\/yoast.com\/wordpress\/plugins\/seo\/ -->\n<title>LA MUTUELLE G\u00c9N\u00c9RALE : POUR ACCOMPAGNER les dirigeants sur les sujets RSE - In Magazines<\/title>\n<meta name=\"robots\" content=\"index, follow, max-snippet:-1, max-image-preview:large, max-video-preview:-1\" \/>\n<link rel=\"canonical\" href=\"https:\/\/www.in-magazines.com\/magazine\/sommaire\/inmagazine-26\/la-mutuelle-generale-pour-accompagner-les-dirigeants-sur-les-sujets-rse\/\" \/>\n<meta property=\"og:locale\" content=\"fr_FR\" \/>\n<meta property=\"og:type\" content=\"article\" \/>\n<meta property=\"og:title\" content=\"LA MUTUELLE G\u00c9N\u00c9RALE : POUR ACCOMPAGNER les dirigeants sur les sujets RSE - In Magazines\" \/>\n<meta property=\"og:description\" content=\"La RSE (Responsabilit&eacute; Soci&eacute;tale des Entreprises) permet de prendre en compte les enjeux environnementaux, sociaux, &eacute;conomiques et &eacute;thiques des entreprises de toute taille. D&eacute;sormais incontournable, elle vient en r&eacute;ponse &agrave; une demande croissante des salari&eacute;s et des clients consommateurs. A La Mutuelle G&eacute;n&eacute;rale, il a ainsi &eacute;t&eacute; choisi d&rsquo;accompagner les dirigeants d&rsquo;entreprises sur ces sujets,&hellip; Poursuivre la lecture LA MUTUELLE G\u00c9N\u00c9RALE : POUR ACCOMPAGNER les dirigeants sur les sujets RSE\" \/>\n<meta property=\"og:url\" content=\"https:\/\/www.in-magazines.com\/magazine\/sommaire\/inmagazine-26\/la-mutuelle-generale-pour-accompagner-les-dirigeants-sur-les-sujets-rse\/\" \/>\n<meta property=\"og:site_name\" content=\"In Magazines\" \/>\n<meta property=\"article:published_time\" content=\"2022-03-30T00:37:00+00:00\" \/>\n<meta property=\"article:modified_time\" content=\"2022-04-12T11:34:52+00:00\" \/>\n<meta property=\"og:image\" content=\"http:\/\/www.in-magazines.com\/magazine\/wp-content\/uploads\/2022\/03\/LA-MUTUELLE-GENERALE-POUR-ACCOMPAGNER-les-dirigeants-sur-les-sujets-RSE.jpg\" \/>\n\t<meta property=\"og:image:width\" content=\"1307\" \/>\n\t<meta property=\"og:image:height\" content=\"871\" \/>\n<meta name=\"twitter:label1\" content=\"Dur\u00e9e de lecture est.\">\n\t<meta name=\"twitter:data1\" content=\"2 minutes\">\n<script type=\"application\/ld+json\" class=\"yoast-schema-graph\">{\"@context\":\"https:\/\/schema.org\",\"@graph\":[{\"@type\":\"WebSite\",\"@id\":\"https:\/\/www.in-magazines.com\/magazine\/#website\",\"url\":\"https:\/\/www.in-magazines.com\/magazine\/\",\"name\":\"In Magazines\",\"description\":\"\",\"potentialAction\":[{\"@type\":\"SearchAction\",\"target\":\"https:\/\/www.in-magazines.com\/magazine\/?s={search_term_string}\",\"query-input\":\"required name=search_term_string\"}],\"inLanguage\":\"fr-FR\"},{\"@type\":\"ImageObject\",\"@id\":\"https:\/\/www.in-magazines.com\/magazine\/sommaire\/inmagazine-26\/la-mutuelle-generale-pour-accompagner-les-dirigeants-sur-les-sujets-rse\/#primaryimage\",\"inLanguage\":\"fr-FR\",\"url\":\"https:\/\/www.in-magazines.com\/magazine\/wp-content\/uploads\/2022\/03\/LA-MUTUELLE-GENERALE-POUR-ACCOMPAGNER-les-dirigeants-sur-les-sujets-RSE.jpg\",\"contentUrl\":\"https:\/\/www.in-magazines.com\/magazine\/wp-content\/uploads\/2022\/03\/LA-MUTUELLE-GENERALE-POUR-ACCOMPAGNER-les-dirigeants-sur-les-sujets-RSE.jpg\",\"width\":1307,\"height\":871},{\"@type\":\"WebPage\",\"@id\":\"https:\/\/www.in-magazines.com\/magazine\/sommaire\/inmagazine-26\/la-mutuelle-generale-pour-accompagner-les-dirigeants-sur-les-sujets-rse\/#webpage\",\"url\":\"https:\/\/www.in-magazines.com\/magazine\/sommaire\/inmagazine-26\/la-mutuelle-generale-pour-accompagner-les-dirigeants-sur-les-sujets-rse\/\",\"name\":\"LA MUTUELLE G\\u00c9N\\u00c9RALE : POUR ACCOMPAGNER les dirigeants sur les sujets RSE - In Magazines\",\"isPartOf\":{\"@id\":\"https:\/\/www.in-magazines.com\/magazine\/#website\"},\"primaryImageOfPage\":{\"@id\":\"https:\/\/www.in-magazines.com\/magazine\/sommaire\/inmagazine-26\/la-mutuelle-generale-pour-accompagner-les-dirigeants-sur-les-sujets-rse\/#primaryimage\"},\"datePublished\":\"2022-03-30T00:37:00+00:00\",\"dateModified\":\"2022-04-12T11:34:52+00:00\",\"author\":{\"@id\":\"https:\/\/www.in-magazines.com\/magazine\/#\/schema\/person\/c27e7dabb9a1ef380814bdd5636d07e3\"},\"breadcrumb\":{\"@id\":\"https:\/\/www.in-magazines.com\/magazine\/sommaire\/inmagazine-26\/la-mutuelle-generale-pour-accompagner-les-dirigeants-sur-les-sujets-rse\/#breadcrumb\"},\"inLanguage\":\"fr-FR\",\"potentialAction\":[{\"@type\":\"ReadAction\",\"target\":[\"https:\/\/www.in-magazines.com\/magazine\/sommaire\/inmagazine-26\/la-mutuelle-generale-pour-accompagner-les-dirigeants-sur-les-sujets-rse\/\"]}]},{\"@type\":\"BreadcrumbList\",\"@id\":\"https:\/\/www.in-magazines.com\/magazine\/sommaire\/inmagazine-26\/la-mutuelle-generale-pour-accompagner-les-dirigeants-sur-les-sujets-rse\/#breadcrumb\",\"itemListElement\":[{\"@type\":\"ListItem\",\"position\":1,\"item\":{\"@id\":\"https:\/\/www.in-magazines.com\/magazine\/sommaire\/inmagazine-26\/la-mutuelle-generale-pour-accompagner-les-dirigeants-sur-les-sujets-rse\/#webpage\"}}]},{\"@type\":\"Person\",\"@id\":\"https:\/\/www.in-magazines.com\/magazine\/#\/schema\/person\/c27e7dabb9a1ef380814bdd5636d07e3\",\"name\":\"backinmag\",\"image\":{\"@type\":\"ImageObject\",\"@id\":\"https:\/\/www.in-magazines.com\/magazine\/#personlogo\",\"inLanguage\":\"fr-FR\",\"url\":\"https:\/\/secure.gravatar.com\/avatar\/13a234bb19dc4fd04793d73c3472fbdb?s=96&d=mm&r=g\",\"contentUrl\":\"https:\/\/secure.gravatar.com\/avatar\/13a234bb19dc4fd04793d73c3472fbdb?s=96&d=mm&r=g\",\"caption\":\"backinmag\"},\"sameAs\":[\"http:\/\/www.in-magazines.com\/magazin\"]}]}<\/script>\n<!-- \/ Yoast SEO plugin. -->","_links":{"self":[{"href":"https:\/\/www.in-magazines.com\/magazine\/wp-json\/wp\/v2\/posts\/7893"}],"collection":[{"href":"https:\/\/www.in-magazines.com\/magazine\/wp-json\/wp\/v2\/posts"}],"about":[{"href":"https:\/\/www.in-magazines.com\/magazine\/wp-json\/wp\/v2\/types\/post"}],"author":[{"embeddable":true,"href":"https:\/\/www.in-magazines.com\/magazine\/wp-json\/wp\/v2\/users\/1"}],"replies":[{"embeddable":true,"href":"https:\/\/www.in-magazines.com\/magazine\/wp-json\/wp\/v2\/comments?post=7893"}],"version-history":[{"count":6,"href":"https:\/\/www.in-magazines.com\/magazine\/wp-json\/wp\/v2\/posts\/7893\/revisions"}],"predecessor-version":[{"id":8228,"href":"https:\/\/www.in-magazines.com\/magazine\/wp-json\/wp\/v2\/posts\/7893\/revisions\/8228"}],"wp:featuredmedia":[{"embeddable":true,"href":"https:\/\/www.in-magazines.com\/magazine\/wp-json\/wp\/v2\/media\/7895"}],"wp:attachment":[{"href":"https:\/\/www.in-magazines.com\/magazine\/wp-json\/wp\/v2\/media?parent=7893"}],"wp:term":[{"taxonomy":"category","embeddable":true,"href":"https:\/\/www.in-magazines.com\/magazine\/wp-json\/wp\/v2\/categories?post=7893"},{"taxonomy":"post_tag","embeddable":true,"href":"https:\/\/www.in-magazines.com\/magazine\/wp-json\/wp\/v2\/tags?post=7893"}],"curies":[{"name":"wp","href":"https:\/\/api.w.org\/{rel}","templated":true}]}}