

{"id":7897,"date":"2022-03-30T00:38:00","date_gmt":"2022-03-30T00:38:00","guid":{"rendered":"https:\/\/www.in-magazines.com\/magazine\/?p=7897"},"modified":"2022-04-12T11:33:28","modified_gmt":"2022-04-12T11:33:28","slug":"skyincap-des-projets-innovants-pour-les-personnes-en-situation-de-handicap","status":"publish","type":"post","link":"https:\/\/www.in-magazines.com\/magazine\/sommaire\/inmagazine-26\/skyincap-des-projets-innovants-pour-les-personnes-en-situation-de-handicap\/","title":{"rendered":"SKYINCAP : DES PROJETS INNOVANTS pour les personnes en situation de handicap"},"content":{"rendered":"\n<p>Fondateurs de l\u2019entreprise adapt\u00e9e Skyincap, Arnaud Setien et S\u00e9bastien Recasens ont deux profils scientifiques : ing\u00e9nieur dans l\u2019a\u00e9ronautique et math\u00e9maticien, les deux hommes se sont toujours interrog\u00e9s sur la non-repr\u00e9sentation des personnes en situation de handicap \u00e0 des fonctions d\u2019ing\u00e9nierie de haut niveau. Leur initiative, unique en France, permet \u00e0 plusieurs grands groupes industriels de travailler avec des profils de personnes handicap\u00e9es sur des projets innovants. Avec un objectif clair\u00a0: que leur expertise devienne le seul crit\u00e8re retenu pour leur recrutement.<\/p>\n\n\n\n<p><\/p>\n\n\n\n<h2 class=\"wp-block-heading\"><strong>Comment est n\u00e9e Skyincap ?<\/strong><\/h2>\n\n\n\n<p>Arnaud Setien et S\u00e9bastien Recasens : Bien souvent, les entreprises adapt\u00e9es se concentrent sur des m\u00e9tiers autres que ceux de l\u2019ing\u00e9nierie de haut niveau pour leurs collaborateurs. Pourtant, les comp\u00e9tences sont l\u00e0, elles existent. Mais les personnes en situation de handicap sont trop souvent peu visibles. Elles se retrouvent dans la peur d\u2019\u00eatre discrimin\u00e9es, rejet\u00e9es. Et ne se positionnent pas sur des postes de haut niveau. De ce constat est n\u00e9e en 2018 Skyincap, entreprise adapt\u00e9e qui pratique l\u2019inclusion de personnes RQTH (reconnaissance de la qualit\u00e9 de travailleur handicap\u00e9) pour des missions d\u2019ing\u00e9nierie de haut niveau. Historiquement, nous avons une orientation a\u00e9ronautique et spatiale. La premi\u00e8re entreprise cr\u00e9\u00e9e par Arnaud il y a 10 ans, Skyconseil, d\u00e9veloppe entre autres applications, un produit unique au monde, Guidor, qui permet aux pilotes d\u2019avions d\u2019affaires et commerciaux d\u2019optimiser en temps r\u00e9el leurs trajectoires de vol en fonction des contraintes M\u00e9t\u00e9o mais pas seulement. Cela apporte un plus au projet Skyincap qui, outre l\u2019expertise technique, permet des passerelles vers les produits d&rsquo;innovation de Skyconseil, tout en leur garantissant une oreille attentive et une politique RSE incitative.<br>Une entreprise adapt\u00e9e prend soin de ses collaborateurs, c\u2019est dans son ADN\u2026<\/p>\n\n\n\n<h2 class=\"wp-block-heading\"><strong>Comment cela se passe chez Skyincap ?<\/strong><\/h2>\n\n\n\n<p>Des \u00e9changes tr\u00e8s r\u00e9guliers sont organis\u00e9s entre nos collaborateurs, notre responsable RH, ainsi qu\u2019avec les r\u00e9f\u00e9rents chez nos clients, le but \u00e9tant de lever toutes les contraintes \u00e0 l\u2019inclusion. Mais cela va beaucoup plus loin : l\u2019inclusion, le handicap, nous travaillons sur ces questions en amont, notamment avec l\u2019Universit\u00e9 Paul Sabatier de Toulouse ou encore Polytech Nice. Cela commence avec l\u2019accession aux \u00e9tudes sup\u00e9rieures pour les personnes handicap\u00e9es : tout doit \u00eatre fait pour qu\u2019il n\u2019y ait plus aucun frein \u00e0 la poursuite d\u2019\u00e9tudes sup\u00e9rieures, dans les m\u00eames conditions que les personnes valides.<\/p>\n\n\n<a href=\"#\" class=\"_3d-flip-book  fb3d-link-lightbox-mode\" data-id=\"8162\" data-mode=\"link-lightbox\" data-title=\"false\" data-template=\"short-white-book-view\" data-lightbox=\"dark\" data-urlparam=\"fb3d-page\" data-page-n=\"0\" data-pdf=\"\" data-tax=\"null\" data-thumbnail=\"\" data-cols=\"3\" data-query=\"\"><img decoding=\"async\" src=\"http:\/\/www.in-magazines.com\/magazine\/wp-content\/uploads\/2021\/05\/btn.jpg\"><\/a>\n","protected":false},"excerpt":{"rendered":"<p>Fondateurs de l&rsquo;entreprise adapt&eacute;e Skyincap, Arnaud Setien et S&eacute;bastien Recasens ont deux profils scientifiques : ing&eacute;nieur dans l&rsquo;a&eacute;ronautique et math&eacute;maticien, les deux hommes se sont toujours interrog&eacute;s sur la non-repr&eacute;sentation des personnes en situation de handicap &agrave; des fonctions d&rsquo;ing&eacute;nierie de haut niveau. Leur initiative, unique en France, permet &agrave; plusieurs grands groupes industriels de&hellip; <a class=\"more-link\" href=\"https:\/\/www.in-magazines.com\/magazine\/sommaire\/inmagazine-26\/skyincap-des-projets-innovants-pour-les-personnes-en-situation-de-handicap\/\">Poursuivre la lecture <span class=\"screen-reader-text\">SKYINCAP : DES PROJETS INNOVANTS pour les personnes en situation de handicap<\/span><\/a><\/p>\n","protected":false},"author":1,"featured_media":7898,"comment_status":"open","ping_status":"open","sticky":false,"template":"","format":"standard","meta":{"footnotes":""},"categories":[1599,5],"tags":[1607,1608],"yoast_head":"<!-- This site is optimized with the Yoast SEO plugin v16.2 - https:\/\/yoast.com\/wordpress\/plugins\/seo\/ -->\n<title>SKYINCAP : DES PROJETS INNOVANTS pour les personnes en situation de handicap - In Magazines<\/title>\n<meta name=\"robots\" content=\"index, follow, max-snippet:-1, max-image-preview:large, max-video-preview:-1\" \/>\n<link rel=\"canonical\" href=\"https:\/\/www.in-magazines.com\/magazine\/sommaire\/inmagazine-26\/skyincap-des-projets-innovants-pour-les-personnes-en-situation-de-handicap\/\" \/>\n<meta property=\"og:locale\" content=\"fr_FR\" \/>\n<meta property=\"og:type\" content=\"article\" \/>\n<meta property=\"og:title\" content=\"SKYINCAP : DES PROJETS INNOVANTS pour les personnes en situation de handicap - In Magazines\" \/>\n<meta property=\"og:description\" content=\"Fondateurs de l&rsquo;entreprise adapt&eacute;e Skyincap, Arnaud Setien et S&eacute;bastien Recasens ont deux profils scientifiques : ing&eacute;nieur dans l&rsquo;a&eacute;ronautique et math&eacute;maticien, les deux hommes se sont toujours interrog&eacute;s sur la non-repr&eacute;sentation des personnes en situation de handicap &agrave; des fonctions d&rsquo;ing&eacute;nierie de haut niveau. Leur initiative, unique en France, permet &agrave; plusieurs grands groupes industriels de&hellip; Poursuivre la lecture SKYINCAP : DES PROJETS INNOVANTS pour les personnes en situation de handicap\" \/>\n<meta property=\"og:url\" content=\"https:\/\/www.in-magazines.com\/magazine\/sommaire\/inmagazine-26\/skyincap-des-projets-innovants-pour-les-personnes-en-situation-de-handicap\/\" \/>\n<meta property=\"og:site_name\" content=\"In Magazines\" \/>\n<meta property=\"article:published_time\" content=\"2022-03-30T00:38:00+00:00\" \/>\n<meta property=\"article:modified_time\" content=\"2022-04-12T11:33:28+00:00\" \/>\n<meta property=\"og:image\" content=\"http:\/\/www.in-magazines.com\/magazine\/wp-content\/uploads\/2022\/03\/SKYINCAP-DES-PROJETS-INNOVANTS-pour-les-personnes-en-situation-de-handicap.jpg\" \/>\n\t<meta property=\"og:image:width\" content=\"1331\" \/>\n\t<meta property=\"og:image:height\" content=\"583\" \/>\n<meta name=\"twitter:label1\" content=\"Dur\u00e9e de lecture est.\">\n\t<meta name=\"twitter:data1\" content=\"2 minutes\">\n<script type=\"application\/ld+json\" class=\"yoast-schema-graph\">{\"@context\":\"https:\/\/schema.org\",\"@graph\":[{\"@type\":\"WebSite\",\"@id\":\"https:\/\/www.in-magazines.com\/magazine\/#website\",\"url\":\"https:\/\/www.in-magazines.com\/magazine\/\",\"name\":\"In Magazines\",\"description\":\"\",\"potentialAction\":[{\"@type\":\"SearchAction\",\"target\":\"https:\/\/www.in-magazines.com\/magazine\/?s={search_term_string}\",\"query-input\":\"required name=search_term_string\"}],\"inLanguage\":\"fr-FR\"},{\"@type\":\"ImageObject\",\"@id\":\"https:\/\/www.in-magazines.com\/magazine\/sommaire\/inmagazine-26\/skyincap-des-projets-innovants-pour-les-personnes-en-situation-de-handicap\/#primaryimage\",\"inLanguage\":\"fr-FR\",\"url\":\"https:\/\/www.in-magazines.com\/magazine\/wp-content\/uploads\/2022\/03\/SKYINCAP-DES-PROJETS-INNOVANTS-pour-les-personnes-en-situation-de-handicap.jpg\",\"contentUrl\":\"https:\/\/www.in-magazines.com\/magazine\/wp-content\/uploads\/2022\/03\/SKYINCAP-DES-PROJETS-INNOVANTS-pour-les-personnes-en-situation-de-handicap.jpg\",\"width\":1331,\"height\":583},{\"@type\":\"WebPage\",\"@id\":\"https:\/\/www.in-magazines.com\/magazine\/sommaire\/inmagazine-26\/skyincap-des-projets-innovants-pour-les-personnes-en-situation-de-handicap\/#webpage\",\"url\":\"https:\/\/www.in-magazines.com\/magazine\/sommaire\/inmagazine-26\/skyincap-des-projets-innovants-pour-les-personnes-en-situation-de-handicap\/\",\"name\":\"SKYINCAP : DES PROJETS INNOVANTS pour les personnes en situation de handicap - In Magazines\",\"isPartOf\":{\"@id\":\"https:\/\/www.in-magazines.com\/magazine\/#website\"},\"primaryImageOfPage\":{\"@id\":\"https:\/\/www.in-magazines.com\/magazine\/sommaire\/inmagazine-26\/skyincap-des-projets-innovants-pour-les-personnes-en-situation-de-handicap\/#primaryimage\"},\"datePublished\":\"2022-03-30T00:38:00+00:00\",\"dateModified\":\"2022-04-12T11:33:28+00:00\",\"author\":{\"@id\":\"https:\/\/www.in-magazines.com\/magazine\/#\/schema\/person\/c27e7dabb9a1ef380814bdd5636d07e3\"},\"breadcrumb\":{\"@id\":\"https:\/\/www.in-magazines.com\/magazine\/sommaire\/inmagazine-26\/skyincap-des-projets-innovants-pour-les-personnes-en-situation-de-handicap\/#breadcrumb\"},\"inLanguage\":\"fr-FR\",\"potentialAction\":[{\"@type\":\"ReadAction\",\"target\":[\"https:\/\/www.in-magazines.com\/magazine\/sommaire\/inmagazine-26\/skyincap-des-projets-innovants-pour-les-personnes-en-situation-de-handicap\/\"]}]},{\"@type\":\"BreadcrumbList\",\"@id\":\"https:\/\/www.in-magazines.com\/magazine\/sommaire\/inmagazine-26\/skyincap-des-projets-innovants-pour-les-personnes-en-situation-de-handicap\/#breadcrumb\",\"itemListElement\":[{\"@type\":\"ListItem\",\"position\":1,\"item\":{\"@id\":\"https:\/\/www.in-magazines.com\/magazine\/sommaire\/inmagazine-26\/skyincap-des-projets-innovants-pour-les-personnes-en-situation-de-handicap\/#webpage\"}}]},{\"@type\":\"Person\",\"@id\":\"https:\/\/www.in-magazines.com\/magazine\/#\/schema\/person\/c27e7dabb9a1ef380814bdd5636d07e3\",\"name\":\"backinmag\",\"image\":{\"@type\":\"ImageObject\",\"@id\":\"https:\/\/www.in-magazines.com\/magazine\/#personlogo\",\"inLanguage\":\"fr-FR\",\"url\":\"https:\/\/secure.gravatar.com\/avatar\/13a234bb19dc4fd04793d73c3472fbdb?s=96&d=mm&r=g\",\"contentUrl\":\"https:\/\/secure.gravatar.com\/avatar\/13a234bb19dc4fd04793d73c3472fbdb?s=96&d=mm&r=g\",\"caption\":\"backinmag\"},\"sameAs\":[\"http:\/\/www.in-magazines.com\/magazin\"]}]}<\/script>\n<!-- \/ Yoast SEO plugin. -->","_links":{"self":[{"href":"https:\/\/www.in-magazines.com\/magazine\/wp-json\/wp\/v2\/posts\/7897"}],"collection":[{"href":"https:\/\/www.in-magazines.com\/magazine\/wp-json\/wp\/v2\/posts"}],"about":[{"href":"https:\/\/www.in-magazines.com\/magazine\/wp-json\/wp\/v2\/types\/post"}],"author":[{"embeddable":true,"href":"https:\/\/www.in-magazines.com\/magazine\/wp-json\/wp\/v2\/users\/1"}],"replies":[{"embeddable":true,"href":"https:\/\/www.in-magazines.com\/magazine\/wp-json\/wp\/v2\/comments?post=7897"}],"version-history":[{"count":7,"href":"https:\/\/www.in-magazines.com\/magazine\/wp-json\/wp\/v2\/posts\/7897\/revisions"}],"predecessor-version":[{"id":8227,"href":"https:\/\/www.in-magazines.com\/magazine\/wp-json\/wp\/v2\/posts\/7897\/revisions\/8227"}],"wp:featuredmedia":[{"embeddable":true,"href":"https:\/\/www.in-magazines.com\/magazine\/wp-json\/wp\/v2\/media\/7898"}],"wp:attachment":[{"href":"https:\/\/www.in-magazines.com\/magazine\/wp-json\/wp\/v2\/media?parent=7897"}],"wp:term":[{"taxonomy":"category","embeddable":true,"href":"https:\/\/www.in-magazines.com\/magazine\/wp-json\/wp\/v2\/categories?post=7897"},{"taxonomy":"post_tag","embeddable":true,"href":"https:\/\/www.in-magazines.com\/magazine\/wp-json\/wp\/v2\/tags?post=7897"}],"curies":[{"name":"wp","href":"https:\/\/api.w.org\/{rel}","templated":true}]}}