

{"id":8470,"date":"2022-06-01T06:02:00","date_gmt":"2022-06-01T06:02:00","guid":{"rendered":"https:\/\/www.in-magazines.com\/magazine\/?p=8470"},"modified":"2022-05-31T05:19:41","modified_gmt":"2022-05-31T05:19:41","slug":"transcan-grandir-ensemble","status":"publish","type":"post","link":"https:\/\/www.in-magazines.com\/magazine\/sommaire\/inmagazine-27\/transcan-grandir-ensemble\/","title":{"rendered":"TRANSCAN : GRANDIR ENSEMBLE"},"content":{"rendered":"\n<p>Assistante de direction pour le groupe Transcan, leader du transport routier r\u00e9gional, le parcours professionnel engag\u00e9 de Virginie Ciais a connu une belle \u00e9volution au fil de l\u2019ascension que le groupe connait depuis 20 ans. Elle refait la route avec nous.<\/p>\n\n\n\n<p>Tripl\u00e9e, Virginie a connu une enfance heureuse et champ\u00eatre \u00e0 Gatti\u00e8res, aupr\u00e8s de ses deux fr\u00e8res, entour\u00e9e par sa famille, les copains, et la joyeuse ribambelle d\u2019animaux qu\u2019elle c\u00f4toie au quotidien. Dot\u00e9e d\u2019un temp\u00e9rament jovial, entreprenant et dynamique, la jeune femme a tr\u00e8s t\u00f4t conscience qu\u2019elle s\u2019\u00e9panouira au contact du monde de l\u2019entreprise et de ses responsabilit\u00e9s.<\/p>\n\n\n\n<p>Alors cherchant un employeur, ce n\u2019est pas l\u2019univers du transport routier, r\u00e9put\u00e9 tr\u00e8s masculin, qui fait forte impression sur la jeune fille, entr\u00e9e chez Transcan en alternance pour son BTS Assistante de direction en 2009. Mais plut\u00f4t la proximit\u00e9 et tr\u00e8s vite, la conviction d\u2019avoir fait le bon choix. \u00ab Mon embauche s\u2019est faite assez naturellement, nous \u00e9tions voisins de la famille Cannata \u00bb se souvient Virginie, qui n\u2019a m\u00eame\u2026 jamais pass\u00e9 d\u2019entretien pour valider sa formation en BTS ! Un climat de confiance, de travail et de projets dans lequel s\u2019\u00e9panouit tr\u00e8s vite la jeune femme. \u00ab Il y a 13 ans, il n\u2019y avait que le p\u00f4le logistique et le transport. \u00bb Mais tr\u00e8s vite, les ambitions de Franck Cannata et de son p\u00e8re Robert, se mat\u00e9rialisent avec une importante croissance de l\u2019entreprise, ax\u00e9e notamment sur le m\u00e9tier de logisticien.<\/p>\n\n\n\n<h2 class=\"wp-block-heading\">DIVERSIFICATION PERMANENTE<\/h2>\n\n\n\n<p>Aujourd\u2019hui, le transporteur r\u00e9gional bas\u00e9 \u00e0 Carros compte pr\u00e8s de 300 salari\u00e9s et op\u00e8re sur 8 filiales, de la logistique \u00e0 la route, en passant par l\u2019affr\u00e8tement ou le e-commerce. Tout derni\u00e8rement, c\u2019est sur la livraison du dernier kilom\u00e8tre que Transcan s\u2019est distingu\u00e9, en d\u00e9veloppant \u00e0 Nice un syst\u00e8me r\u00e9volutionnaire de hubs de distribution desservis par des v\u00e9los-cargos et petites camionnettes destin\u00e9es au Centre-ville.<\/p>\n\n\n<a href=\"#\" class=\"_3d-flip-book  fb3d-link-lightbox-mode\" data-id=\"8323\" data-mode=\"link-lightbox\" data-title=\"false\" data-template=\"short-white-book-view\" data-lightbox=\"dark\" data-urlparam=\"fb3d-page\" data-page-n=\"0\" data-pdf=\"\" data-tax=\"null\" data-thumbnail=\"\" data-cols=\"3\" data-query=\"\"><img decoding=\"async\" src=\"http:\/\/www.in-magazines.com\/magazine\/wp-content\/uploads\/2021\/05\/btn.jpg\"><\/a>\n","protected":false},"excerpt":{"rendered":"<p>Assistante de direction pour le groupe Transcan, leader du transport routier r&eacute;gional, le parcours professionnel engag&eacute; de Virginie Ciais a connu une belle &eacute;volution au fil de l&rsquo;ascension que le groupe connait depuis 20 ans. Elle refait la route avec nous. Tripl&eacute;e, Virginie a connu une enfance heureuse et champ&ecirc;tre &agrave; Gatti&egrave;res, aupr&egrave;s de ses&hellip; <a class=\"more-link\" href=\"https:\/\/www.in-magazines.com\/magazine\/sommaire\/inmagazine-27\/transcan-grandir-ensemble\/\">Poursuivre la lecture <span class=\"screen-reader-text\">TRANSCAN : GRANDIR ENSEMBLE<\/span><\/a><\/p>\n","protected":false},"author":1,"featured_media":8414,"comment_status":"open","ping_status":"open","sticky":false,"template":"","format":"standard","meta":{"footnotes":""},"categories":[455,1629],"tags":[262,1636],"yoast_head":"<!-- This site is optimized with the Yoast SEO plugin v16.2 - https:\/\/yoast.com\/wordpress\/plugins\/seo\/ -->\n<title>TRANSCAN : GRANDIR ENSEMBLE - In Magazines<\/title>\n<meta name=\"robots\" content=\"index, follow, max-snippet:-1, max-image-preview:large, max-video-preview:-1\" \/>\n<link rel=\"canonical\" href=\"https:\/\/www.in-magazines.com\/magazine\/categories\/portraits\/transcan-grandir-ensemble\/\" \/>\n<meta property=\"og:locale\" content=\"fr_FR\" \/>\n<meta property=\"og:type\" content=\"article\" \/>\n<meta property=\"og:title\" content=\"TRANSCAN : GRANDIR ENSEMBLE - In Magazines\" \/>\n<meta property=\"og:description\" content=\"Assistante de direction pour le groupe Transcan, leader du transport routier r&eacute;gional, le parcours professionnel engag&eacute; de Virginie Ciais a connu une belle &eacute;volution au fil de l&rsquo;ascension que le groupe connait depuis 20 ans. Elle refait la route avec nous. Tripl&eacute;e, Virginie a connu une enfance heureuse et champ&ecirc;tre &agrave; Gatti&egrave;res, aupr&egrave;s de ses&hellip; Poursuivre la lecture TRANSCAN : GRANDIR ENSEMBLE\" \/>\n<meta property=\"og:url\" content=\"https:\/\/www.in-magazines.com\/magazine\/categories\/portraits\/transcan-grandir-ensemble\/\" \/>\n<meta property=\"og:site_name\" content=\"In Magazines\" \/>\n<meta property=\"article:published_time\" content=\"2022-06-01T06:02:00+00:00\" \/>\n<meta property=\"article:modified_time\" content=\"2022-05-31T05:19:41+00:00\" \/>\n<meta property=\"og:image\" content=\"https:\/\/www.in-magazines.com\/magazine\/wp-content\/uploads\/2022\/05\/GRANDIR-ENSEMBLE-1.jpg\" \/>\n\t<meta property=\"og:image:width\" content=\"700\" \/>\n\t<meta property=\"og:image:height\" content=\"700\" \/>\n<meta name=\"twitter:label1\" content=\"Dur\u00e9e de lecture est.\">\n\t<meta name=\"twitter:data1\" content=\"2 minutes\">\n<script type=\"application\/ld+json\" class=\"yoast-schema-graph\">{\"@context\":\"https:\/\/schema.org\",\"@graph\":[{\"@type\":\"WebSite\",\"@id\":\"https:\/\/www.in-magazines.com\/magazine\/#website\",\"url\":\"https:\/\/www.in-magazines.com\/magazine\/\",\"name\":\"In Magazines\",\"description\":\"\",\"potentialAction\":[{\"@type\":\"SearchAction\",\"target\":\"https:\/\/www.in-magazines.com\/magazine\/?s={search_term_string}\",\"query-input\":\"required name=search_term_string\"}],\"inLanguage\":\"fr-FR\"},{\"@type\":\"ImageObject\",\"@id\":\"https:\/\/www.in-magazines.com\/magazine\/categories\/portraits\/transcan-grandir-ensemble\/#primaryimage\",\"inLanguage\":\"fr-FR\",\"url\":\"https:\/\/www.in-magazines.com\/magazine\/wp-content\/uploads\/2022\/05\/GRANDIR-ENSEMBLE-1.jpg\",\"contentUrl\":\"https:\/\/www.in-magazines.com\/magazine\/wp-content\/uploads\/2022\/05\/GRANDIR-ENSEMBLE-1.jpg\",\"width\":700,\"height\":700},{\"@type\":\"WebPage\",\"@id\":\"https:\/\/www.in-magazines.com\/magazine\/categories\/portraits\/transcan-grandir-ensemble\/#webpage\",\"url\":\"https:\/\/www.in-magazines.com\/magazine\/categories\/portraits\/transcan-grandir-ensemble\/\",\"name\":\"TRANSCAN : GRANDIR ENSEMBLE - In Magazines\",\"isPartOf\":{\"@id\":\"https:\/\/www.in-magazines.com\/magazine\/#website\"},\"primaryImageOfPage\":{\"@id\":\"https:\/\/www.in-magazines.com\/magazine\/categories\/portraits\/transcan-grandir-ensemble\/#primaryimage\"},\"datePublished\":\"2022-06-01T06:02:00+00:00\",\"dateModified\":\"2022-05-31T05:19:41+00:00\",\"author\":{\"@id\":\"https:\/\/www.in-magazines.com\/magazine\/#\/schema\/person\/c27e7dabb9a1ef380814bdd5636d07e3\"},\"breadcrumb\":{\"@id\":\"https:\/\/www.in-magazines.com\/magazine\/categories\/portraits\/transcan-grandir-ensemble\/#breadcrumb\"},\"inLanguage\":\"fr-FR\",\"potentialAction\":[{\"@type\":\"ReadAction\",\"target\":[\"https:\/\/www.in-magazines.com\/magazine\/categories\/portraits\/transcan-grandir-ensemble\/\"]}]},{\"@type\":\"BreadcrumbList\",\"@id\":\"https:\/\/www.in-magazines.com\/magazine\/categories\/portraits\/transcan-grandir-ensemble\/#breadcrumb\",\"itemListElement\":[{\"@type\":\"ListItem\",\"position\":1,\"item\":{\"@id\":\"https:\/\/www.in-magazines.com\/magazine\/categories\/portraits\/transcan-grandir-ensemble\/#webpage\"}}]},{\"@type\":\"Person\",\"@id\":\"https:\/\/www.in-magazines.com\/magazine\/#\/schema\/person\/c27e7dabb9a1ef380814bdd5636d07e3\",\"name\":\"backinmag\",\"image\":{\"@type\":\"ImageObject\",\"@id\":\"https:\/\/www.in-magazines.com\/magazine\/#personlogo\",\"inLanguage\":\"fr-FR\",\"url\":\"https:\/\/secure.gravatar.com\/avatar\/13a234bb19dc4fd04793d73c3472fbdb?s=96&d=mm&r=g\",\"contentUrl\":\"https:\/\/secure.gravatar.com\/avatar\/13a234bb19dc4fd04793d73c3472fbdb?s=96&d=mm&r=g\",\"caption\":\"backinmag\"},\"sameAs\":[\"http:\/\/www.in-magazines.com\/magazin\"]}]}<\/script>\n<!-- \/ Yoast SEO plugin. -->","_links":{"self":[{"href":"https:\/\/www.in-magazines.com\/magazine\/wp-json\/wp\/v2\/posts\/8470"}],"collection":[{"href":"https:\/\/www.in-magazines.com\/magazine\/wp-json\/wp\/v2\/posts"}],"about":[{"href":"https:\/\/www.in-magazines.com\/magazine\/wp-json\/wp\/v2\/types\/post"}],"author":[{"embeddable":true,"href":"https:\/\/www.in-magazines.com\/magazine\/wp-json\/wp\/v2\/users\/1"}],"replies":[{"embeddable":true,"href":"https:\/\/www.in-magazines.com\/magazine\/wp-json\/wp\/v2\/comments?post=8470"}],"version-history":[{"count":2,"href":"https:\/\/www.in-magazines.com\/magazine\/wp-json\/wp\/v2\/posts\/8470\/revisions"}],"predecessor-version":[{"id":8472,"href":"https:\/\/www.in-magazines.com\/magazine\/wp-json\/wp\/v2\/posts\/8470\/revisions\/8472"}],"wp:featuredmedia":[{"embeddable":true,"href":"https:\/\/www.in-magazines.com\/magazine\/wp-json\/wp\/v2\/media\/8414"}],"wp:attachment":[{"href":"https:\/\/www.in-magazines.com\/magazine\/wp-json\/wp\/v2\/media?parent=8470"}],"wp:term":[{"taxonomy":"category","embeddable":true,"href":"https:\/\/www.in-magazines.com\/magazine\/wp-json\/wp\/v2\/categories?post=8470"},{"taxonomy":"post_tag","embeddable":true,"href":"https:\/\/www.in-magazines.com\/magazine\/wp-json\/wp\/v2\/tags?post=8470"}],"curies":[{"name":"wp","href":"https:\/\/api.w.org\/{rel}","templated":true}]}}