

{"id":8481,"date":"2022-06-01T06:04:00","date_gmt":"2022-06-01T06:04:00","guid":{"rendered":"https:\/\/www.in-magazines.com\/magazine\/?p=8481"},"modified":"2022-06-01T07:30:22","modified_gmt":"2022-06-01T07:30:22","slug":"bfm-nice-cote-dazur-lancement-de-soiree","status":"publish","type":"post","link":"https:\/\/www.in-magazines.com\/magazine\/sommaire\/inmagazine-27\/bfm-nice-cote-dazur-lancement-de-soiree\/","title":{"rendered":"BFM NICE COTE D\u2019AZUR : LANCEMENT DE SOIR\u00c9E"},"content":{"rendered":"\n<p>Au c\u0153ur du lancement de la d\u00e9clinaison ni\u00e7oise de la chaine, elle pr\u00e9sente \u00ab Bonsoir La C\u00f4te d\u2019Azur \u00bb depuis la rentr\u00e9e 2021 : C\u00e9line Moncel est le visage de BFM Nice C\u00f4te d\u2019Azur de 17 \u00e0 19 h, tous les soirs de semaine.<\/p>\n\n\n\n<p>\u00ab Le lancement d\u2019une cha\u00eene, c\u2019est une aventure qui ne se pr\u00e9sente pas dix fois dans votre vie ! \u00bb sourit C\u00e9line Moncel. Alors quand la journaliste apprend que BFM s\u2019implante en r\u00e9gion, elle postule imm\u00e9diatement pour la ville de Nice : \u00ab Pour moi, c\u2019\u00e9tait ici et nulle part ailleurs ! \u00bb justifie C\u00e9line, qui en amoureuse des Alpes-Maritimes, y passe plus d\u2019un mois chaque ann\u00e9e depuis plus de dix ans. Native du d\u00e9partement de l\u2019Ain, la jeune femme a boug\u00e9 pendant plusieurs ann\u00e9es avant de cocher l\u2019in\u00e9luctable case parisienne, qui lui aura permis de lancer sa carri\u00e8re, d\u00e9but\u00e9e en t\u00e9l\u00e9vision pour LCI en 2009.<\/p>\n\n\n\n<p>Ainsi, le parcours post-bac de C\u00e9line passe par l\u2019IEP de Lyon, qu\u2019elle suit pendant quatre ans dont une ann\u00e9e \u00e0 l\u2019\u00e9tranger, en Egypte. Puis elle perfectionne ses acquis avec le CUEJ (Ecole de Journalisme) de Strasbourg pendant deux ans o\u00f9 elle poursuit un Master de journalisme. Et c\u2019est \u00e0 la suite d\u2019une p\u00e9riode de piges en radio chez France Bleu, que la jeune femme r\u00e9pond au recrutement d\u2019une stagiaire chez LCI, qui cherche \u00e0 l\u2019\u00e9poque \u00e0 d\u00e9velopper sa propre radio num\u00e9rique terrestre. Un projet sur lequel elle s\u2019investit pr\u00e8s d\u2019une ann\u00e9e. \u00ab Je suis ensuite entr\u00e9e assez naturellement c\u00f4t\u00e9 TV, o\u00f9 j\u2019ai commenc\u00e9 comme assistant pr\u00e9sentateur \u00bb. L\u00e0, son exp\u00e9rience de la radio aidant et son aptitude \u00e0 pr\u00e9parer les JT la font passer assez vite de l\u2019autre c\u00f4t\u00e9 de la cam\u00e9ra.<\/p>\n\n\n<a href=\"#\" class=\"_3d-flip-book  fb3d-link-lightbox-mode\" data-id=\"8321\" data-mode=\"link-lightbox\" data-title=\"false\" data-template=\"short-white-book-view\" data-lightbox=\"dark\" data-urlparam=\"fb3d-page\" data-page-n=\"0\" data-pdf=\"\" data-tax=\"null\" data-thumbnail=\"\" data-cols=\"3\" data-query=\"\"><img decoding=\"async\" src=\"http:\/\/www.in-magazines.com\/magazine\/wp-content\/uploads\/2021\/05\/btn.jpg\"><\/a>\n","protected":false},"excerpt":{"rendered":"<p>Au c&oelig;ur du lancement de la d&eacute;clinaison ni&ccedil;oise de la chaine, elle pr&eacute;sente &laquo; Bonsoir La C&ocirc;te d&rsquo;Azur &raquo; depuis la rentr&eacute;e 2021 : C&eacute;line Moncel est le visage de BFM Nice C&ocirc;te d&rsquo;Azur de 17 &agrave; 19 h, tous les soirs de semaine. &laquo; Le lancement d&rsquo;une cha&icirc;ne, c&rsquo;est une aventure qui ne se&hellip; <a class=\"more-link\" href=\"https:\/\/www.in-magazines.com\/magazine\/sommaire\/inmagazine-27\/bfm-nice-cote-dazur-lancement-de-soiree\/\">Poursuivre la lecture <span class=\"screen-reader-text\">BFM NICE COTE D\u2019AZUR : LANCEMENT DE SOIR\u00c9E<\/span><\/a><\/p>\n","protected":false},"author":1,"featured_media":8417,"comment_status":"open","ping_status":"open","sticky":false,"template":"","format":"standard","meta":{"footnotes":""},"categories":[455,1629],"tags":[1640,1641],"yoast_head":"<!-- This site is optimized with the Yoast SEO plugin v16.2 - https:\/\/yoast.com\/wordpress\/plugins\/seo\/ -->\n<title>BFM NICE COTE D\u2019AZUR : LANCEMENT DE SOIR\u00c9E - In Magazines<\/title>\n<meta name=\"robots\" content=\"index, follow, max-snippet:-1, max-image-preview:large, max-video-preview:-1\" \/>\n<link rel=\"canonical\" href=\"https:\/\/www.in-magazines.com\/magazine\/sommaire\/inmagazine-27\/bfm-nice-cote-dazur-lancement-de-soiree\/\" \/>\n<meta property=\"og:locale\" content=\"fr_FR\" \/>\n<meta property=\"og:type\" content=\"article\" \/>\n<meta property=\"og:title\" content=\"BFM NICE COTE D\u2019AZUR : LANCEMENT DE SOIR\u00c9E - In Magazines\" \/>\n<meta property=\"og:description\" content=\"Au c&oelig;ur du lancement de la d&eacute;clinaison ni&ccedil;oise de la chaine, elle pr&eacute;sente &laquo; Bonsoir La C&ocirc;te d&rsquo;Azur &raquo; depuis la rentr&eacute;e 2021 : C&eacute;line Moncel est le visage de BFM Nice C&ocirc;te d&rsquo;Azur de 17 &agrave; 19 h, tous les soirs de semaine. &laquo; Le lancement d&rsquo;une cha&icirc;ne, c&rsquo;est une aventure qui ne se&hellip; Poursuivre la lecture BFM NICE COTE D\u2019AZUR : LANCEMENT DE SOIR\u00c9E\" \/>\n<meta property=\"og:url\" content=\"https:\/\/www.in-magazines.com\/magazine\/sommaire\/inmagazine-27\/bfm-nice-cote-dazur-lancement-de-soiree\/\" \/>\n<meta property=\"og:site_name\" content=\"In Magazines\" \/>\n<meta property=\"article:published_time\" content=\"2022-06-01T06:04:00+00:00\" \/>\n<meta property=\"article:modified_time\" content=\"2022-06-01T07:30:22+00:00\" \/>\n<meta property=\"og:image\" content=\"http:\/\/www.in-magazines.com\/magazine\/wp-content\/uploads\/2022\/05\/LANCEMENT-DE-SOIREE-1.jpg\" \/>\n\t<meta property=\"og:image:width\" content=\"700\" \/>\n\t<meta property=\"og:image:height\" content=\"700\" \/>\n<meta name=\"twitter:label1\" content=\"Dur\u00e9e de lecture est.\">\n\t<meta name=\"twitter:data1\" content=\"2 minutes\">\n<script type=\"application\/ld+json\" class=\"yoast-schema-graph\">{\"@context\":\"https:\/\/schema.org\",\"@graph\":[{\"@type\":\"WebSite\",\"@id\":\"https:\/\/www.in-magazines.com\/magazine\/#website\",\"url\":\"https:\/\/www.in-magazines.com\/magazine\/\",\"name\":\"In Magazines\",\"description\":\"\",\"potentialAction\":[{\"@type\":\"SearchAction\",\"target\":\"https:\/\/www.in-magazines.com\/magazine\/?s={search_term_string}\",\"query-input\":\"required name=search_term_string\"}],\"inLanguage\":\"fr-FR\"},{\"@type\":\"ImageObject\",\"@id\":\"https:\/\/www.in-magazines.com\/magazine\/sommaire\/inmagazine-27\/bfm-nice-cote-dazur-lancement-de-soiree\/#primaryimage\",\"inLanguage\":\"fr-FR\",\"url\":\"https:\/\/www.in-magazines.com\/magazine\/wp-content\/uploads\/2022\/05\/LANCEMENT-DE-SOIREE-1.jpg\",\"contentUrl\":\"https:\/\/www.in-magazines.com\/magazine\/wp-content\/uploads\/2022\/05\/LANCEMENT-DE-SOIREE-1.jpg\",\"width\":700,\"height\":700},{\"@type\":\"WebPage\",\"@id\":\"https:\/\/www.in-magazines.com\/magazine\/sommaire\/inmagazine-27\/bfm-nice-cote-dazur-lancement-de-soiree\/#webpage\",\"url\":\"https:\/\/www.in-magazines.com\/magazine\/sommaire\/inmagazine-27\/bfm-nice-cote-dazur-lancement-de-soiree\/\",\"name\":\"BFM NICE COTE D\\u2019AZUR : LANCEMENT DE SOIR\\u00c9E - In Magazines\",\"isPartOf\":{\"@id\":\"https:\/\/www.in-magazines.com\/magazine\/#website\"},\"primaryImageOfPage\":{\"@id\":\"https:\/\/www.in-magazines.com\/magazine\/sommaire\/inmagazine-27\/bfm-nice-cote-dazur-lancement-de-soiree\/#primaryimage\"},\"datePublished\":\"2022-06-01T06:04:00+00:00\",\"dateModified\":\"2022-06-01T07:30:22+00:00\",\"author\":{\"@id\":\"https:\/\/www.in-magazines.com\/magazine\/#\/schema\/person\/c27e7dabb9a1ef380814bdd5636d07e3\"},\"breadcrumb\":{\"@id\":\"https:\/\/www.in-magazines.com\/magazine\/sommaire\/inmagazine-27\/bfm-nice-cote-dazur-lancement-de-soiree\/#breadcrumb\"},\"inLanguage\":\"fr-FR\",\"potentialAction\":[{\"@type\":\"ReadAction\",\"target\":[\"https:\/\/www.in-magazines.com\/magazine\/sommaire\/inmagazine-27\/bfm-nice-cote-dazur-lancement-de-soiree\/\"]}]},{\"@type\":\"BreadcrumbList\",\"@id\":\"https:\/\/www.in-magazines.com\/magazine\/sommaire\/inmagazine-27\/bfm-nice-cote-dazur-lancement-de-soiree\/#breadcrumb\",\"itemListElement\":[{\"@type\":\"ListItem\",\"position\":1,\"item\":{\"@id\":\"https:\/\/www.in-magazines.com\/magazine\/sommaire\/inmagazine-27\/bfm-nice-cote-dazur-lancement-de-soiree\/#webpage\"}}]},{\"@type\":\"Person\",\"@id\":\"https:\/\/www.in-magazines.com\/magazine\/#\/schema\/person\/c27e7dabb9a1ef380814bdd5636d07e3\",\"name\":\"backinmag\",\"image\":{\"@type\":\"ImageObject\",\"@id\":\"https:\/\/www.in-magazines.com\/magazine\/#personlogo\",\"inLanguage\":\"fr-FR\",\"url\":\"https:\/\/secure.gravatar.com\/avatar\/13a234bb19dc4fd04793d73c3472fbdb?s=96&d=mm&r=g\",\"contentUrl\":\"https:\/\/secure.gravatar.com\/avatar\/13a234bb19dc4fd04793d73c3472fbdb?s=96&d=mm&r=g\",\"caption\":\"backinmag\"},\"sameAs\":[\"http:\/\/www.in-magazines.com\/magazin\"]}]}<\/script>\n<!-- \/ Yoast SEO plugin. -->","_links":{"self":[{"href":"https:\/\/www.in-magazines.com\/magazine\/wp-json\/wp\/v2\/posts\/8481"}],"collection":[{"href":"https:\/\/www.in-magazines.com\/magazine\/wp-json\/wp\/v2\/posts"}],"about":[{"href":"https:\/\/www.in-magazines.com\/magazine\/wp-json\/wp\/v2\/types\/post"}],"author":[{"embeddable":true,"href":"https:\/\/www.in-magazines.com\/magazine\/wp-json\/wp\/v2\/users\/1"}],"replies":[{"embeddable":true,"href":"https:\/\/www.in-magazines.com\/magazine\/wp-json\/wp\/v2\/comments?post=8481"}],"version-history":[{"count":4,"href":"https:\/\/www.in-magazines.com\/magazine\/wp-json\/wp\/v2\/posts\/8481\/revisions"}],"predecessor-version":[{"id":8699,"href":"https:\/\/www.in-magazines.com\/magazine\/wp-json\/wp\/v2\/posts\/8481\/revisions\/8699"}],"wp:featuredmedia":[{"embeddable":true,"href":"https:\/\/www.in-magazines.com\/magazine\/wp-json\/wp\/v2\/media\/8417"}],"wp:attachment":[{"href":"https:\/\/www.in-magazines.com\/magazine\/wp-json\/wp\/v2\/media?parent=8481"}],"wp:term":[{"taxonomy":"category","embeddable":true,"href":"https:\/\/www.in-magazines.com\/magazine\/wp-json\/wp\/v2\/categories?post=8481"},{"taxonomy":"post_tag","embeddable":true,"href":"https:\/\/www.in-magazines.com\/magazine\/wp-json\/wp\/v2\/tags?post=8481"}],"curies":[{"name":"wp","href":"https:\/\/api.w.org\/{rel}","templated":true}]}}