

{"id":8511,"date":"2022-06-01T06:10:00","date_gmt":"2022-06-01T06:10:00","guid":{"rendered":"https:\/\/www.in-magazines.com\/magazine\/?p=8511"},"modified":"2022-05-31T06:27:15","modified_gmt":"2022-05-31T06:27:15","slug":"senatrice-des-alpes-maritimes-en-proximite","status":"publish","type":"post","link":"https:\/\/www.in-magazines.com\/magazine\/sommaire\/inmagazine-27\/senatrice-des-alpes-maritimes-en-proximite\/","title":{"rendered":"SENATRICE DES ALPES-MARITIMES : EN PROXIMIT\u00c9"},"content":{"rendered":"\n<p>S\u00e9natrice des Alpes-Maritimes, conseill\u00e8re d\u00e9partementale d&rsquo;Antibes Juan-les-Pins, Pr\u00e9sidente du Comit\u00e9 R\u00e9gional du Tourisme C\u00f4te d\u2019Azur France et maman de deux enfants, Alexandra Borchio Fontimp, en femme de convictions, guide son engagement quotidien aupr\u00e8s de ses administr\u00e9s et de ses proches avec une grande organisation et\u2026 beaucoup de passion pour son territoire de c\u0153ur.<\/p>\n\n\n\n<p>\u00abPousser son chariot pour faire ses courses, aller chercher ses enfants \u00e0 l&rsquo;\u00e9cole avant de leur faire faire leurs devoirs : je crois qu&rsquo;avoir une vie \u00ab normale \u00bb, connect\u00e9e \u00e0 celle des autres, permet de rester proche des r\u00e9alit\u00e9s de chacun ! \u00bb.<br>Impossible pour Alexandra Borchio Fontimp, n\u00e9e \u00e0 Antibes, de ne pas ancrer son action d&rsquo;\u00e9lue au plus pr\u00e8s de ses administr\u00e9s et du territoire qui l&rsquo;a vue grandir. Pourtant, l&rsquo;engagement politique n&rsquo;\u00e9tait pas sa premi\u00e8re vocation. \u00ab J&rsquo;ai toujours voulu devenir journaliste. La radio me plaisait pour l&rsquo;imm\u00e9diatet\u00e9 de l&rsquo;information et la libert\u00e9 de parole qu&rsquo;elle permettait \u00bb. Apr\u00e8s un Bac + 4 en Sciences de l&rsquo;Information, Alexandra d\u00e9bute sa carri\u00e8re comme journaliste chez Kiss FM o\u00f9 elle assure la matinale d&rsquo;informations : \u00ab J&rsquo;ai r\u00e9veill\u00e9 la C\u00f4te d&rsquo;Azur pendant 10 ans \u00e0 l&rsquo;antenne ! \u00bb.<br>Assez naturellement, c&rsquo;est au contact d&rsquo;\u00e9lus locaux que son entr\u00e9e en politique se pr\u00e9cise. Son parcours d\u00e9bute \u00e0 Vallauris en 2008 puis comme conseill\u00e8re municipale d&rsquo;Antibes d\u00e8s 2014. En 2015 puis en 2021, elle remporte les \u00e9lections d\u00e9partementales.<br>D\u2019embl\u00e9e, d\u00e8s ses premiers mandats, Alexandra se r\u00e9v\u00e8le en femme politique de terrain, sur plusieurs th\u00e9matiques d&rsquo;ordre social, en lien avec la solidarit\u00e9, l&rsquo;\u00e9ducation ou l&rsquo;\u00e9galit\u00e9 homme-femme. \u00ab Je suis de cette g\u00e9n\u00e9ration d&rsquo;\u00e9lus de proximit\u00e9, ancr\u00e9s dans leur territoire. Je veux porter la voix de M. ou Mme tout-le-monde sur des sujets qui les touchent, qui me touchent \u00bb.<\/p>\n\n\n<a href=\"#\" class=\"_3d-flip-book  fb3d-link-lightbox-mode\" data-id=\"8315\" data-mode=\"link-lightbox\" data-title=\"false\" data-template=\"short-white-book-view\" data-lightbox=\"dark\" data-urlparam=\"fb3d-page\" data-page-n=\"0\" data-pdf=\"\" data-tax=\"null\" data-thumbnail=\"\" data-cols=\"3\" data-query=\"\"><img decoding=\"async\" src=\"http:\/\/www.in-magazines.com\/magazine\/wp-content\/uploads\/2021\/05\/btn.jpg\"><\/a>\n","protected":false},"excerpt":{"rendered":"<p>S&eacute;natrice des Alpes-Maritimes, conseill&egrave;re d&eacute;partementale d&rsquo;Antibes Juan-les-Pins, Pr&eacute;sidente du Comit&eacute; R&eacute;gional du Tourisme C&ocirc;te d&rsquo;Azur France et maman de deux enfants, Alexandra Borchio Fontimp, en femme de convictions, guide son engagement quotidien aupr&egrave;s de ses administr&eacute;s et de ses proches avec une grande organisation et&hellip; beaucoup de passion pour son territoire de c&oelig;ur. &laquo;Pousser son&hellip; <a class=\"more-link\" href=\"https:\/\/www.in-magazines.com\/magazine\/sommaire\/inmagazine-27\/senatrice-des-alpes-maritimes-en-proximite\/\">Poursuivre la lecture <span class=\"screen-reader-text\">SENATRICE DES ALPES-MARITIMES : EN PROXIMIT\u00c9<\/span><\/a><\/p>\n","protected":false},"author":1,"featured_media":8412,"comment_status":"open","ping_status":"open","sticky":false,"template":"","format":"standard","meta":{"footnotes":""},"categories":[455,1629],"tags":[1651,1652],"yoast_head":"<!-- This site is optimized with the Yoast SEO plugin v16.2 - https:\/\/yoast.com\/wordpress\/plugins\/seo\/ -->\n<title>SENATRICE DES ALPES-MARITIMES : EN PROXIMIT\u00c9 - In Magazines<\/title>\n<meta name=\"robots\" content=\"index, follow, max-snippet:-1, max-image-preview:large, max-video-preview:-1\" \/>\n<link rel=\"canonical\" href=\"https:\/\/www.in-magazines.com\/magazine\/categories\/portraits\/senatrice-des-alpes-maritimes-en-proximite\/\" \/>\n<meta property=\"og:locale\" content=\"fr_FR\" \/>\n<meta property=\"og:type\" content=\"article\" \/>\n<meta property=\"og:title\" content=\"SENATRICE DES ALPES-MARITIMES : EN PROXIMIT\u00c9 - In Magazines\" \/>\n<meta property=\"og:description\" content=\"S&eacute;natrice des Alpes-Maritimes, conseill&egrave;re d&eacute;partementale d&rsquo;Antibes Juan-les-Pins, Pr&eacute;sidente du Comit&eacute; R&eacute;gional du Tourisme C&ocirc;te d&rsquo;Azur France et maman de deux enfants, Alexandra Borchio Fontimp, en femme de convictions, guide son engagement quotidien aupr&egrave;s de ses administr&eacute;s et de ses proches avec une grande organisation et&hellip; beaucoup de passion pour son territoire de c&oelig;ur. &laquo;Pousser son&hellip; Poursuivre la lecture SENATRICE DES ALPES-MARITIMES : EN PROXIMIT\u00c9\" \/>\n<meta property=\"og:url\" content=\"https:\/\/www.in-magazines.com\/magazine\/categories\/portraits\/senatrice-des-alpes-maritimes-en-proximite\/\" \/>\n<meta property=\"og:site_name\" content=\"In Magazines\" \/>\n<meta property=\"article:published_time\" content=\"2022-06-01T06:10:00+00:00\" \/>\n<meta property=\"article:modified_time\" content=\"2022-05-31T06:27:15+00:00\" \/>\n<meta property=\"og:image\" content=\"https:\/\/www.in-magazines.com\/magazine\/wp-content\/uploads\/2022\/05\/EN-PROXIMITE-1.jpg\" \/>\n\t<meta property=\"og:image:width\" content=\"700\" \/>\n\t<meta property=\"og:image:height\" content=\"700\" \/>\n<meta name=\"twitter:label1\" content=\"Dur\u00e9e de lecture est.\">\n\t<meta name=\"twitter:data1\" content=\"2 minutes\">\n<script type=\"application\/ld+json\" class=\"yoast-schema-graph\">{\"@context\":\"https:\/\/schema.org\",\"@graph\":[{\"@type\":\"WebSite\",\"@id\":\"https:\/\/www.in-magazines.com\/magazine\/#website\",\"url\":\"https:\/\/www.in-magazines.com\/magazine\/\",\"name\":\"In Magazines\",\"description\":\"\",\"potentialAction\":[{\"@type\":\"SearchAction\",\"target\":\"https:\/\/www.in-magazines.com\/magazine\/?s={search_term_string}\",\"query-input\":\"required name=search_term_string\"}],\"inLanguage\":\"fr-FR\"},{\"@type\":\"ImageObject\",\"@id\":\"https:\/\/www.in-magazines.com\/magazine\/categories\/portraits\/senatrice-des-alpes-maritimes-en-proximite\/#primaryimage\",\"inLanguage\":\"fr-FR\",\"url\":\"https:\/\/www.in-magazines.com\/magazine\/wp-content\/uploads\/2022\/05\/EN-PROXIMITE-1.jpg\",\"contentUrl\":\"https:\/\/www.in-magazines.com\/magazine\/wp-content\/uploads\/2022\/05\/EN-PROXIMITE-1.jpg\",\"width\":700,\"height\":700},{\"@type\":\"WebPage\",\"@id\":\"https:\/\/www.in-magazines.com\/magazine\/categories\/portraits\/senatrice-des-alpes-maritimes-en-proximite\/#webpage\",\"url\":\"https:\/\/www.in-magazines.com\/magazine\/categories\/portraits\/senatrice-des-alpes-maritimes-en-proximite\/\",\"name\":\"SENATRICE DES ALPES-MARITIMES : EN PROXIMIT\\u00c9 - In Magazines\",\"isPartOf\":{\"@id\":\"https:\/\/www.in-magazines.com\/magazine\/#website\"},\"primaryImageOfPage\":{\"@id\":\"https:\/\/www.in-magazines.com\/magazine\/categories\/portraits\/senatrice-des-alpes-maritimes-en-proximite\/#primaryimage\"},\"datePublished\":\"2022-06-01T06:10:00+00:00\",\"dateModified\":\"2022-05-31T06:27:15+00:00\",\"author\":{\"@id\":\"https:\/\/www.in-magazines.com\/magazine\/#\/schema\/person\/c27e7dabb9a1ef380814bdd5636d07e3\"},\"breadcrumb\":{\"@id\":\"https:\/\/www.in-magazines.com\/magazine\/categories\/portraits\/senatrice-des-alpes-maritimes-en-proximite\/#breadcrumb\"},\"inLanguage\":\"fr-FR\",\"potentialAction\":[{\"@type\":\"ReadAction\",\"target\":[\"https:\/\/www.in-magazines.com\/magazine\/categories\/portraits\/senatrice-des-alpes-maritimes-en-proximite\/\"]}]},{\"@type\":\"BreadcrumbList\",\"@id\":\"https:\/\/www.in-magazines.com\/magazine\/categories\/portraits\/senatrice-des-alpes-maritimes-en-proximite\/#breadcrumb\",\"itemListElement\":[{\"@type\":\"ListItem\",\"position\":1,\"item\":{\"@id\":\"https:\/\/www.in-magazines.com\/magazine\/categories\/portraits\/senatrice-des-alpes-maritimes-en-proximite\/#webpage\"}}]},{\"@type\":\"Person\",\"@id\":\"https:\/\/www.in-magazines.com\/magazine\/#\/schema\/person\/c27e7dabb9a1ef380814bdd5636d07e3\",\"name\":\"backinmag\",\"image\":{\"@type\":\"ImageObject\",\"@id\":\"https:\/\/www.in-magazines.com\/magazine\/#personlogo\",\"inLanguage\":\"fr-FR\",\"url\":\"https:\/\/secure.gravatar.com\/avatar\/13a234bb19dc4fd04793d73c3472fbdb?s=96&d=mm&r=g\",\"contentUrl\":\"https:\/\/secure.gravatar.com\/avatar\/13a234bb19dc4fd04793d73c3472fbdb?s=96&d=mm&r=g\",\"caption\":\"backinmag\"},\"sameAs\":[\"http:\/\/www.in-magazines.com\/magazin\"]}]}<\/script>\n<!-- \/ Yoast SEO plugin. -->","_links":{"self":[{"href":"https:\/\/www.in-magazines.com\/magazine\/wp-json\/wp\/v2\/posts\/8511"}],"collection":[{"href":"https:\/\/www.in-magazines.com\/magazine\/wp-json\/wp\/v2\/posts"}],"about":[{"href":"https:\/\/www.in-magazines.com\/magazine\/wp-json\/wp\/v2\/types\/post"}],"author":[{"embeddable":true,"href":"https:\/\/www.in-magazines.com\/magazine\/wp-json\/wp\/v2\/users\/1"}],"replies":[{"embeddable":true,"href":"https:\/\/www.in-magazines.com\/magazine\/wp-json\/wp\/v2\/comments?post=8511"}],"version-history":[{"count":8,"href":"https:\/\/www.in-magazines.com\/magazine\/wp-json\/wp\/v2\/posts\/8511\/revisions"}],"predecessor-version":[{"id":8520,"href":"https:\/\/www.in-magazines.com\/magazine\/wp-json\/wp\/v2\/posts\/8511\/revisions\/8520"}],"wp:featuredmedia":[{"embeddable":true,"href":"https:\/\/www.in-magazines.com\/magazine\/wp-json\/wp\/v2\/media\/8412"}],"wp:attachment":[{"href":"https:\/\/www.in-magazines.com\/magazine\/wp-json\/wp\/v2\/media?parent=8511"}],"wp:term":[{"taxonomy":"category","embeddable":true,"href":"https:\/\/www.in-magazines.com\/magazine\/wp-json\/wp\/v2\/categories?post=8511"},{"taxonomy":"post_tag","embeddable":true,"href":"https:\/\/www.in-magazines.com\/magazine\/wp-json\/wp\/v2\/tags?post=8511"}],"curies":[{"name":"wp","href":"https:\/\/api.w.org\/{rel}","templated":true}]}}