

{"id":8579,"date":"2022-06-01T06:22:00","date_gmt":"2022-06-01T06:22:00","guid":{"rendered":"https:\/\/www.in-magazines.com\/magazine\/?p=8579"},"modified":"2022-05-31T07:45:07","modified_gmt":"2022-05-31T07:45:07","slug":"groupe-ippolito-image-de-marques","status":"publish","type":"post","link":"https:\/\/www.in-magazines.com\/magazine\/sommaire\/inmagazine-27\/groupe-ippolito-image-de-marques\/","title":{"rendered":"GROUPE IPPOLITO : IMAGE DE MARQUES"},"content":{"rendered":"\n<p>Autour de ses quatre branches d\u2019activit\u00e9s, le groupe Ippolito, cr\u00e9\u00e9 il y a bient\u00f4t 55 ans \u00e0 Villeneuve-Loubet, s\u2019est tr\u00e8s largement d\u00e9ploy\u00e9 bien au-del\u00e0 des fronti\u00e8res de la r\u00e9gion PACA mais surtout de ses activit\u00e9s historiques li\u00e9es aux v\u00e9hicules industriels. Pour mettre en lumi\u00e8re les d\u00e9veloppements de cette saga \u00e9conomique \u00e0 succ\u00e8s, Emmanuelle Klein, infographiste, porte haut les couleurs du groupe en travaillant sur toute la palette de ses marques.<\/p>\n\n\n\n<p>Lorsqu\u2019elle int\u00e8gre le groupe il y a 4 ans, Emmanuelle Klein assiste \u00e0 la nouvelle diversification insuffl\u00e9e par la troisi\u00e8me g\u00e9n\u00e9ration de la famille Ippolito, qui cr\u00e9e distinctement plusieurs p\u00f4les : Automobile, Industriel, Tourisme et Immobilier. Avec une croissance annuelle soutenue, le groupe \u00e9tend son p\u00e9rim\u00e8tre d\u2019influence, avec des activit\u00e9s dans tous les d\u00e9partements de la r\u00e9gion PACA ainsi qu\u2019en Auvergne Rh\u00f4ne-Alpes.<\/p>\n\n\n\n<p>Autour des valeurs ch\u00e8res \u00e0 l\u2019entreprise, les \u00ab 3P \u00bb de P\u00e9rennit\u00e9, Proximit\u00e9 et Performance, le d\u00e9partement marketing et communication s\u2019attache \u00e0 cr\u00e9er une identit\u00e9 forte pour chacun des p\u00f4les, compos\u00e9s eux-m\u00eames d\u2019activit\u00e9s et d\u2019entreprises tr\u00e8s diff\u00e9rentes. La palette est large : l\u2019on retrouvera par exemple dans le p\u00f4le Tourisme aussi bien une plage priv\u00e9e, un restaurant d\u2019altitude qu\u2019un domaine viticole qui propose une activit\u00e9 d\u2019h\u00e9bergement.<\/p>\n\n\n\n<h2 class=\"wp-block-heading\">DIVERSIT\u00c9 D\u2019ACTIVIT\u00c9S, UNIT\u00c9 DE STYLE<\/h2>\n\n\n\n<p>Emmanuelle peut donc laisser libre court \u00e0 sa cr\u00e9ativit\u00e9, dans le respect d\u2019une certaine homog\u00e9n\u00e9it\u00e9 de style, en lien avec la strat\u00e9gie de communication d\u00e9fi nie pour le groupe. \u00ab Seule infographiste, j\u2019ai la charge de toute l\u2019identit\u00e9 visuelle du groupe et de ses multiples entreprises. Logos, chartes graphiques, fl yers, stickage de v\u00e9hicules\u2026 Le choix est vaste ! Ainsi, tout r\u00e9cemment, je suis pass\u00e9e de la cr\u00e9ation du logo du restaurant Le Blanchon, \u00e0 Auron, \u00e0 celui de la casse automobile Auto Choc, reprise et enti\u00e8rement restructur\u00e9e par le groupe autour de l\u2019\u00e9conomie circulaire \u00bb.<\/p>\n\n\n<a href=\"#\" class=\"_3d-flip-book  fb3d-link-lightbox-mode\" data-id=\"8303\" data-mode=\"link-lightbox\" data-title=\"false\" data-template=\"short-white-book-view\" data-lightbox=\"dark\" data-urlparam=\"fb3d-page\" data-page-n=\"0\" data-pdf=\"\" data-tax=\"null\" data-thumbnail=\"\" data-cols=\"3\" data-query=\"\"><img decoding=\"async\" src=\"http:\/\/www.in-magazines.com\/magazine\/wp-content\/uploads\/2021\/05\/btn.jpg\"><\/a>\n","protected":false},"excerpt":{"rendered":"<p>Autour de ses quatre branches d&rsquo;activit&eacute;s, le groupe Ippolito, cr&eacute;&eacute; il y a bient&ocirc;t 55 ans &agrave; Villeneuve-Loubet, s&rsquo;est tr&egrave;s largement d&eacute;ploy&eacute; bien au-del&agrave; des fronti&egrave;res de la r&eacute;gion PACA mais surtout de ses activit&eacute;s historiques li&eacute;es aux v&eacute;hicules industriels. Pour mettre en lumi&egrave;re les d&eacute;veloppements de cette saga &eacute;conomique &agrave; succ&egrave;s, Emmanuelle Klein, infographiste,&hellip; <a class=\"more-link\" href=\"https:\/\/www.in-magazines.com\/magazine\/sommaire\/inmagazine-27\/groupe-ippolito-image-de-marques\/\">Poursuivre la lecture <span class=\"screen-reader-text\">GROUPE IPPOLITO : IMAGE DE MARQUES<\/span><\/a><\/p>\n","protected":false},"author":1,"featured_media":8415,"comment_status":"open","ping_status":"open","sticky":false,"template":"","format":"standard","meta":{"footnotes":""},"categories":[455,1629],"tags":[1114,1668],"yoast_head":"<!-- This site is optimized with the Yoast SEO plugin v16.2 - https:\/\/yoast.com\/wordpress\/plugins\/seo\/ -->\n<title>GROUPE IPPOLITO : IMAGE DE MARQUES - In Magazines<\/title>\n<meta name=\"robots\" content=\"index, follow, max-snippet:-1, max-image-preview:large, max-video-preview:-1\" \/>\n<link rel=\"canonical\" href=\"https:\/\/www.in-magazines.com\/magazine\/sommaire\/inmagazine-27\/groupe-ippolito-image-de-marques\/\" \/>\n<meta property=\"og:locale\" content=\"fr_FR\" \/>\n<meta property=\"og:type\" content=\"article\" \/>\n<meta property=\"og:title\" content=\"GROUPE IPPOLITO : IMAGE DE MARQUES - In Magazines\" \/>\n<meta property=\"og:description\" content=\"Autour de ses quatre branches d&rsquo;activit&eacute;s, le groupe Ippolito, cr&eacute;&eacute; il y a bient&ocirc;t 55 ans &agrave; Villeneuve-Loubet, s&rsquo;est tr&egrave;s largement d&eacute;ploy&eacute; bien au-del&agrave; des fronti&egrave;res de la r&eacute;gion PACA mais surtout de ses activit&eacute;s historiques li&eacute;es aux v&eacute;hicules industriels. Pour mettre en lumi&egrave;re les d&eacute;veloppements de cette saga &eacute;conomique &agrave; succ&egrave;s, Emmanuelle Klein, infographiste,&hellip; Poursuivre la lecture GROUPE IPPOLITO : IMAGE DE MARQUES\" \/>\n<meta property=\"og:url\" content=\"https:\/\/www.in-magazines.com\/magazine\/sommaire\/inmagazine-27\/groupe-ippolito-image-de-marques\/\" \/>\n<meta property=\"og:site_name\" content=\"In Magazines\" \/>\n<meta property=\"article:published_time\" content=\"2022-06-01T06:22:00+00:00\" \/>\n<meta property=\"article:modified_time\" content=\"2022-05-31T07:45:07+00:00\" \/>\n<meta property=\"og:image\" content=\"https:\/\/www.in-magazines.com\/magazine\/wp-content\/uploads\/2022\/05\/IMAGE-DE-MARQUES-1.jpg\" \/>\n\t<meta property=\"og:image:width\" content=\"700\" \/>\n\t<meta property=\"og:image:height\" content=\"700\" \/>\n<meta name=\"twitter:label1\" content=\"Dur\u00e9e de lecture est.\">\n\t<meta name=\"twitter:data1\" content=\"2 minutes\">\n<script type=\"application\/ld+json\" class=\"yoast-schema-graph\">{\"@context\":\"https:\/\/schema.org\",\"@graph\":[{\"@type\":\"WebSite\",\"@id\":\"https:\/\/www.in-magazines.com\/magazine\/#website\",\"url\":\"https:\/\/www.in-magazines.com\/magazine\/\",\"name\":\"In Magazines\",\"description\":\"\",\"potentialAction\":[{\"@type\":\"SearchAction\",\"target\":\"https:\/\/www.in-magazines.com\/magazine\/?s={search_term_string}\",\"query-input\":\"required name=search_term_string\"}],\"inLanguage\":\"fr-FR\"},{\"@type\":\"ImageObject\",\"@id\":\"https:\/\/www.in-magazines.com\/magazine\/sommaire\/inmagazine-27\/groupe-ippolito-image-de-marques\/#primaryimage\",\"inLanguage\":\"fr-FR\",\"url\":\"https:\/\/www.in-magazines.com\/magazine\/wp-content\/uploads\/2022\/05\/IMAGE-DE-MARQUES-1.jpg\",\"contentUrl\":\"https:\/\/www.in-magazines.com\/magazine\/wp-content\/uploads\/2022\/05\/IMAGE-DE-MARQUES-1.jpg\",\"width\":700,\"height\":700},{\"@type\":\"WebPage\",\"@id\":\"https:\/\/www.in-magazines.com\/magazine\/sommaire\/inmagazine-27\/groupe-ippolito-image-de-marques\/#webpage\",\"url\":\"https:\/\/www.in-magazines.com\/magazine\/sommaire\/inmagazine-27\/groupe-ippolito-image-de-marques\/\",\"name\":\"GROUPE IPPOLITO : IMAGE DE MARQUES - In Magazines\",\"isPartOf\":{\"@id\":\"https:\/\/www.in-magazines.com\/magazine\/#website\"},\"primaryImageOfPage\":{\"@id\":\"https:\/\/www.in-magazines.com\/magazine\/sommaire\/inmagazine-27\/groupe-ippolito-image-de-marques\/#primaryimage\"},\"datePublished\":\"2022-06-01T06:22:00+00:00\",\"dateModified\":\"2022-05-31T07:45:07+00:00\",\"author\":{\"@id\":\"https:\/\/www.in-magazines.com\/magazine\/#\/schema\/person\/c27e7dabb9a1ef380814bdd5636d07e3\"},\"breadcrumb\":{\"@id\":\"https:\/\/www.in-magazines.com\/magazine\/sommaire\/inmagazine-27\/groupe-ippolito-image-de-marques\/#breadcrumb\"},\"inLanguage\":\"fr-FR\",\"potentialAction\":[{\"@type\":\"ReadAction\",\"target\":[\"https:\/\/www.in-magazines.com\/magazine\/sommaire\/inmagazine-27\/groupe-ippolito-image-de-marques\/\"]}]},{\"@type\":\"BreadcrumbList\",\"@id\":\"https:\/\/www.in-magazines.com\/magazine\/sommaire\/inmagazine-27\/groupe-ippolito-image-de-marques\/#breadcrumb\",\"itemListElement\":[{\"@type\":\"ListItem\",\"position\":1,\"item\":{\"@id\":\"https:\/\/www.in-magazines.com\/magazine\/sommaire\/inmagazine-27\/groupe-ippolito-image-de-marques\/#webpage\"}}]},{\"@type\":\"Person\",\"@id\":\"https:\/\/www.in-magazines.com\/magazine\/#\/schema\/person\/c27e7dabb9a1ef380814bdd5636d07e3\",\"name\":\"backinmag\",\"image\":{\"@type\":\"ImageObject\",\"@id\":\"https:\/\/www.in-magazines.com\/magazine\/#personlogo\",\"inLanguage\":\"fr-FR\",\"url\":\"https:\/\/secure.gravatar.com\/avatar\/13a234bb19dc4fd04793d73c3472fbdb?s=96&d=mm&r=g\",\"contentUrl\":\"https:\/\/secure.gravatar.com\/avatar\/13a234bb19dc4fd04793d73c3472fbdb?s=96&d=mm&r=g\",\"caption\":\"backinmag\"},\"sameAs\":[\"http:\/\/www.in-magazines.com\/magazin\"]}]}<\/script>\n<!-- \/ Yoast SEO plugin. -->","_links":{"self":[{"href":"https:\/\/www.in-magazines.com\/magazine\/wp-json\/wp\/v2\/posts\/8579"}],"collection":[{"href":"https:\/\/www.in-magazines.com\/magazine\/wp-json\/wp\/v2\/posts"}],"about":[{"href":"https:\/\/www.in-magazines.com\/magazine\/wp-json\/wp\/v2\/types\/post"}],"author":[{"embeddable":true,"href":"https:\/\/www.in-magazines.com\/magazine\/wp-json\/wp\/v2\/users\/1"}],"replies":[{"embeddable":true,"href":"https:\/\/www.in-magazines.com\/magazine\/wp-json\/wp\/v2\/comments?post=8579"}],"version-history":[{"count":5,"href":"https:\/\/www.in-magazines.com\/magazine\/wp-json\/wp\/v2\/posts\/8579\/revisions"}],"predecessor-version":[{"id":8585,"href":"https:\/\/www.in-magazines.com\/magazine\/wp-json\/wp\/v2\/posts\/8579\/revisions\/8585"}],"wp:featuredmedia":[{"embeddable":true,"href":"https:\/\/www.in-magazines.com\/magazine\/wp-json\/wp\/v2\/media\/8415"}],"wp:attachment":[{"href":"https:\/\/www.in-magazines.com\/magazine\/wp-json\/wp\/v2\/media?parent=8579"}],"wp:term":[{"taxonomy":"category","embeddable":true,"href":"https:\/\/www.in-magazines.com\/magazine\/wp-json\/wp\/v2\/categories?post=8579"},{"taxonomy":"post_tag","embeddable":true,"href":"https:\/\/www.in-magazines.com\/magazine\/wp-json\/wp\/v2\/tags?post=8579"}],"curies":[{"name":"wp","href":"https:\/\/api.w.org\/{rel}","templated":true}]}}