

{"id":8617,"date":"2022-06-01T06:38:00","date_gmt":"2022-06-01T06:38:00","guid":{"rendered":"https:\/\/www.in-magazines.com\/magazine\/?p=8617"},"modified":"2022-06-01T07:17:36","modified_gmt":"2022-06-01T07:17:36","slug":"ecotone-la-colline-habitee-sortira-de-terre-en-2024-2025","status":"publish","type":"post","link":"https:\/\/www.in-magazines.com\/magazine\/sommaire\/inmagazine-27\/ecotone-la-colline-habitee-sortira-de-terre-en-2024-2025\/","title":{"rendered":"ECOTONE : La colline habit\u00e9e sortira de terre en 2024-2025"},"content":{"rendered":"\n<p><strong>\u00ab Le meilleur emplacement de la C\u00f4te d\u2019Azur \u00bb. C\u2019est ainsi que Philippe Journo, Pr\u00e9sident de la Compagnie de Phalsbourg, d\u00e9fi nit le site o\u00f9 va sortir de terre, d\u2019ici la fin de l\u2019ann\u00e9e 2024, la \u00ab colline habit\u00e9e \u00bb, \u00ab Ecotone \u00bb, un projet architectural en tous points exceptionnel, aux portes de la technopole.<\/strong><\/p>\n\n\n\n<p>Le haut degr\u00e9 d\u2019innovation qui caract\u00e9rise le projet a s\u00e9duit Xavier Niel, qui s\u2019y est naturellement associ\u00e9. Imagin\u00e9 par deux tr\u00e8s grands architectes, Jean Nouvel et Manal Rachdi et un paysagiste des plus renomm\u00e9s, Jean Mus, ce campus \u00e9cologique sera le b\u00e2timent le plus vert de France, avec plus de 56 % de sa parcelle v\u00e9g\u00e9talis\u00e9e ! L\u2019omnipr\u00e9sence d\u2019ilots de fraicheur permettra de lutter contre le r\u00e9chauffement climatique. Sur un site de pr\u00e8s de 5 ha, aux portes de l\u2019A8, voisinant la zone des 3 Moulins et l\u2019AzurArena, 34.307 m\u00b2 de bureaux seront \u00e9difi\u00e9s avec 42.380 m\u00b2 de jardins et terrasses accessibles \u00e0 leurs utilisateurs. On y retrouvera un h\u00f4tel 4 \u00e9toiles, une salle de sport et de nombreux restaurants, 1250 parkings avec 300 bornes de recharge \u00e9lectrique, faisant d\u2019Ecotone un v\u00e9ritable \u00ab resort de vie \u00bb \u00e9cologique, \u00e9ligible \u00e0 quatre certifications environnementales.<\/p>\n\n\n<a href=\"#\" class=\"_3d-flip-book  fb3d-link-lightbox-mode\" data-id=\"8332\" data-mode=\"link-lightbox\" data-title=\"false\" data-template=\"short-white-book-view\" data-lightbox=\"dark\" data-urlparam=\"fb3d-page\" data-page-n=\"0\" data-pdf=\"\" data-tax=\"null\" data-thumbnail=\"\" data-cols=\"3\" data-query=\"\"><img decoding=\"async\" src=\"http:\/\/www.in-magazines.com\/magazine\/wp-content\/uploads\/2021\/05\/btn.jpg\"><\/a>\n","protected":false},"excerpt":{"rendered":"<p>&laquo; Le meilleur emplacement de la C&ocirc;te d&rsquo;Azur &raquo;. C&rsquo;est ainsi que Philippe Journo, Pr&eacute;sident de la Compagnie de Phalsbourg, d&eacute;fi nit le site o&ugrave; va sortir de terre, d&rsquo;ici la fin de l&rsquo;ann&eacute;e 2024, la &laquo; colline habit&eacute;e &raquo;, &laquo; Ecotone &raquo;, un projet architectural en tous points exceptionnel, aux portes de la technopole.&hellip; <a class=\"more-link\" href=\"https:\/\/www.in-magazines.com\/magazine\/sommaire\/inmagazine-27\/ecotone-la-colline-habitee-sortira-de-terre-en-2024-2025\/\">Poursuivre la lecture <span class=\"screen-reader-text\">ECOTONE : La colline habit\u00e9e sortira de terre en 2024-2025<\/span><\/a><\/p>\n","protected":false},"author":1,"featured_media":8623,"comment_status":"open","ping_status":"open","sticky":false,"template":"","format":"standard","meta":{"footnotes":""},"categories":[1629,61],"tags":[70,1675],"yoast_head":"<!-- This site is optimized with the Yoast SEO plugin v16.2 - https:\/\/yoast.com\/wordpress\/plugins\/seo\/ -->\n<title>ECOTONE : La colline habit\u00e9e sortira de terre en 2024-2025 - In Magazines<\/title>\n<meta name=\"robots\" content=\"index, follow, max-snippet:-1, max-image-preview:large, max-video-preview:-1\" \/>\n<link rel=\"canonical\" href=\"https:\/\/www.in-magazines.com\/magazine\/sommaire\/inmagazine-27\/ecotone-la-colline-habitee-sortira-de-terre-en-2024-2025\/\" \/>\n<meta property=\"og:locale\" content=\"fr_FR\" \/>\n<meta property=\"og:type\" content=\"article\" \/>\n<meta property=\"og:title\" content=\"ECOTONE : La colline habit\u00e9e sortira de terre en 2024-2025 - In Magazines\" \/>\n<meta property=\"og:description\" content=\"&laquo; Le meilleur emplacement de la C&ocirc;te d&rsquo;Azur &raquo;. C&rsquo;est ainsi que Philippe Journo, Pr&eacute;sident de la Compagnie de Phalsbourg, d&eacute;fi nit le site o&ugrave; va sortir de terre, d&rsquo;ici la fin de l&rsquo;ann&eacute;e 2024, la &laquo; colline habit&eacute;e &raquo;, &laquo; Ecotone &raquo;, un projet architectural en tous points exceptionnel, aux portes de la technopole.&hellip; Poursuivre la lecture ECOTONE : La colline habit\u00e9e sortira de terre en 2024-2025\" \/>\n<meta property=\"og:url\" content=\"https:\/\/www.in-magazines.com\/magazine\/sommaire\/inmagazine-27\/ecotone-la-colline-habitee-sortira-de-terre-en-2024-2025\/\" \/>\n<meta property=\"og:site_name\" content=\"In Magazines\" \/>\n<meta property=\"article:published_time\" content=\"2022-06-01T06:38:00+00:00\" \/>\n<meta property=\"article:modified_time\" content=\"2022-06-01T07:17:36+00:00\" \/>\n<meta property=\"og:image\" content=\"http:\/\/www.in-magazines.com\/magazine\/wp-content\/uploads\/2022\/06\/ECOTONE-La-colline-habitee-sortira-de-terre-en-2024-2025-3.jpg\" \/>\n\t<meta property=\"og:image:width\" content=\"700\" \/>\n\t<meta property=\"og:image:height\" content=\"582\" \/>\n<meta name=\"twitter:label1\" content=\"Dur\u00e9e de lecture est.\">\n\t<meta name=\"twitter:data1\" content=\"2 minutes\">\n<script type=\"application\/ld+json\" class=\"yoast-schema-graph\">{\"@context\":\"https:\/\/schema.org\",\"@graph\":[{\"@type\":\"WebSite\",\"@id\":\"https:\/\/www.in-magazines.com\/magazine\/#website\",\"url\":\"https:\/\/www.in-magazines.com\/magazine\/\",\"name\":\"In Magazines\",\"description\":\"\",\"potentialAction\":[{\"@type\":\"SearchAction\",\"target\":\"https:\/\/www.in-magazines.com\/magazine\/?s={search_term_string}\",\"query-input\":\"required name=search_term_string\"}],\"inLanguage\":\"fr-FR\"},{\"@type\":\"ImageObject\",\"@id\":\"https:\/\/www.in-magazines.com\/magazine\/sommaire\/inmagazine-27\/ecotone-la-colline-habitee-sortira-de-terre-en-2024-2025\/#primaryimage\",\"inLanguage\":\"fr-FR\",\"url\":\"https:\/\/www.in-magazines.com\/magazine\/wp-content\/uploads\/2022\/06\/ECOTONE-La-colline-habitee-sortira-de-terre-en-2024-2025-3.jpg\",\"contentUrl\":\"https:\/\/www.in-magazines.com\/magazine\/wp-content\/uploads\/2022\/06\/ECOTONE-La-colline-habitee-sortira-de-terre-en-2024-2025-3.jpg\",\"width\":700,\"height\":582},{\"@type\":\"WebPage\",\"@id\":\"https:\/\/www.in-magazines.com\/magazine\/sommaire\/inmagazine-27\/ecotone-la-colline-habitee-sortira-de-terre-en-2024-2025\/#webpage\",\"url\":\"https:\/\/www.in-magazines.com\/magazine\/sommaire\/inmagazine-27\/ecotone-la-colline-habitee-sortira-de-terre-en-2024-2025\/\",\"name\":\"ECOTONE : La colline habit\\u00e9e sortira de terre en 2024-2025 - In Magazines\",\"isPartOf\":{\"@id\":\"https:\/\/www.in-magazines.com\/magazine\/#website\"},\"primaryImageOfPage\":{\"@id\":\"https:\/\/www.in-magazines.com\/magazine\/sommaire\/inmagazine-27\/ecotone-la-colline-habitee-sortira-de-terre-en-2024-2025\/#primaryimage\"},\"datePublished\":\"2022-06-01T06:38:00+00:00\",\"dateModified\":\"2022-06-01T07:17:36+00:00\",\"author\":{\"@id\":\"https:\/\/www.in-magazines.com\/magazine\/#\/schema\/person\/c27e7dabb9a1ef380814bdd5636d07e3\"},\"breadcrumb\":{\"@id\":\"https:\/\/www.in-magazines.com\/magazine\/sommaire\/inmagazine-27\/ecotone-la-colline-habitee-sortira-de-terre-en-2024-2025\/#breadcrumb\"},\"inLanguage\":\"fr-FR\",\"potentialAction\":[{\"@type\":\"ReadAction\",\"target\":[\"https:\/\/www.in-magazines.com\/magazine\/sommaire\/inmagazine-27\/ecotone-la-colline-habitee-sortira-de-terre-en-2024-2025\/\"]}]},{\"@type\":\"BreadcrumbList\",\"@id\":\"https:\/\/www.in-magazines.com\/magazine\/sommaire\/inmagazine-27\/ecotone-la-colline-habitee-sortira-de-terre-en-2024-2025\/#breadcrumb\",\"itemListElement\":[{\"@type\":\"ListItem\",\"position\":1,\"item\":{\"@id\":\"https:\/\/www.in-magazines.com\/magazine\/sommaire\/inmagazine-27\/ecotone-la-colline-habitee-sortira-de-terre-en-2024-2025\/#webpage\"}}]},{\"@type\":\"Person\",\"@id\":\"https:\/\/www.in-magazines.com\/magazine\/#\/schema\/person\/c27e7dabb9a1ef380814bdd5636d07e3\",\"name\":\"backinmag\",\"image\":{\"@type\":\"ImageObject\",\"@id\":\"https:\/\/www.in-magazines.com\/magazine\/#personlogo\",\"inLanguage\":\"fr-FR\",\"url\":\"https:\/\/secure.gravatar.com\/avatar\/13a234bb19dc4fd04793d73c3472fbdb?s=96&d=mm&r=g\",\"contentUrl\":\"https:\/\/secure.gravatar.com\/avatar\/13a234bb19dc4fd04793d73c3472fbdb?s=96&d=mm&r=g\",\"caption\":\"backinmag\"},\"sameAs\":[\"http:\/\/www.in-magazines.com\/magazin\"]}]}<\/script>\n<!-- \/ Yoast SEO plugin. -->","_links":{"self":[{"href":"https:\/\/www.in-magazines.com\/magazine\/wp-json\/wp\/v2\/posts\/8617"}],"collection":[{"href":"https:\/\/www.in-magazines.com\/magazine\/wp-json\/wp\/v2\/posts"}],"about":[{"href":"https:\/\/www.in-magazines.com\/magazine\/wp-json\/wp\/v2\/types\/post"}],"author":[{"embeddable":true,"href":"https:\/\/www.in-magazines.com\/magazine\/wp-json\/wp\/v2\/users\/1"}],"replies":[{"embeddable":true,"href":"https:\/\/www.in-magazines.com\/magazine\/wp-json\/wp\/v2\/comments?post=8617"}],"version-history":[{"count":7,"href":"https:\/\/www.in-magazines.com\/magazine\/wp-json\/wp\/v2\/posts\/8617\/revisions"}],"predecessor-version":[{"id":8696,"href":"https:\/\/www.in-magazines.com\/magazine\/wp-json\/wp\/v2\/posts\/8617\/revisions\/8696"}],"wp:featuredmedia":[{"embeddable":true,"href":"https:\/\/www.in-magazines.com\/magazine\/wp-json\/wp\/v2\/media\/8623"}],"wp:attachment":[{"href":"https:\/\/www.in-magazines.com\/magazine\/wp-json\/wp\/v2\/media?parent=8617"}],"wp:term":[{"taxonomy":"category","embeddable":true,"href":"https:\/\/www.in-magazines.com\/magazine\/wp-json\/wp\/v2\/categories?post=8617"},{"taxonomy":"post_tag","embeddable":true,"href":"https:\/\/www.in-magazines.com\/magazine\/wp-json\/wp\/v2\/tags?post=8617"}],"curies":[{"name":"wp","href":"https:\/\/api.w.org\/{rel}","templated":true}]}}