

{"id":8675,"date":"2022-06-01T06:43:00","date_gmt":"2022-06-01T06:43:00","guid":{"rendered":"https:\/\/www.in-magazines.com\/magazine\/?p=8675"},"modified":"2022-06-01T08:23:56","modified_gmt":"2022-06-01T08:23:56","slug":"automobile-des-femmesen-premiere-ligne","status":"publish","type":"post","link":"https:\/\/www.in-magazines.com\/magazine\/sommaire\/inmagazine-27\/automobile-des-femmesen-premiere-ligne\/","title":{"rendered":"Automobile : DES FEMMES EN PREMI\u00c8RE LIGNE"},"content":{"rendered":"\n<p><strong>Dire que la parit\u00e9 caract\u00e9rise le monde de l\u2019automobile serait peut-\u00eatre exag\u00e9r\u00e9 mais une chose est s\u00fbre : il compte dans ses rangs de plus en plus de femmes \u00e0 des postes o\u00f9 elles n\u2019\u00e9taient pas syst\u00e9matiquement repr\u00e9sent\u00e9es il y a seulement quelques ann\u00e9es en arri\u00e8re. Chez Cariviera, le concessionnaire aux 8 sites et 8 marques automobiles dans les Alpes-Maritimes, plusieurs m\u00e9tiers profitent de cette singularit\u00e9.<\/strong><\/p>\n\n\n\n<p>Le monde de l\u2019automobile change. Chez Cariviera, le concessionnaire azur\u00e9en d\u00e9tenu par Volkswagen Group Retail France (VGRF), cet univers devient celui, plus exhaustif, de la mobilit\u00e9. Un changement des usages et des usagers qui am\u00e8ne \u00e0 consid\u00e9rer aujourd\u2019hui le choix d\u2019un moyen de transport dans toute sa globalit\u00e9 : ses crit\u00e8res techniques, \u00e9conomiques, mais aussi ses enjeux environnementaux, son impact social\u2026<\/p>\n\n\n\n<p>Et un contexte qui semble favoriser un nouvel int\u00e9r\u00eat de la gent f\u00e9minine pour ce monde automobile en \u00e9volution permanente, orient\u00e9 sur de nouveaux usages et o\u00f9 les caract\u00e9ristiques technologiques et l\u2019innovation des v\u00e9hicules ne sont plus les seuls crit\u00e8res de choix d\u2019une solution de mobilit\u00e9.<\/p>\n\n\n\n<h2 class=\"wp-block-heading\">Confiance, dialogue apais\u00e9<\/h2>\n\n\n\n<p>Traditionnellement, au sein des concessions, on trouvait une pr\u00e9sence f\u00e9minine accrue \u00e0 des postes de ressources humaines, en comptabilit\u00e9 ou \u00e0 la facturation. Or, depuis quelques ann\u00e9es, de nouveaux services profitent pleinement de ces comp\u00e9tences f\u00e9minines. Pour Philippe Didier, Directeur Fleet R\u00e9gion Grand Sud pour VGRF, prenant l\u2019exemple de l\u2019accueil au sein des ateliers, une pr\u00e9sence f\u00e9minine change radicalement la prestation : \u00ab l\u2019automobile, ce ne sont pas que des m\u00e9tiers d\u2019hommes. Une femme rassure, am\u00e8ne souvent plus de confiance, elle suscite immanquablement un dialogue apais\u00e9 dans la relation client \u00bb.<\/p>\n\n\n<a href=\"#\" class=\"_3d-flip-book  fb3d-link-lightbox-mode\" data-id=\"8344\" data-mode=\"link-lightbox\" data-title=\"false\" data-template=\"short-white-book-view\" data-lightbox=\"dark\" data-urlparam=\"fb3d-page\" data-page-n=\"0\" data-pdf=\"\" data-tax=\"null\" data-thumbnail=\"\" data-cols=\"3\" data-query=\"\"><img decoding=\"async\" src=\"http:\/\/www.in-magazines.com\/magazine\/wp-content\/uploads\/2021\/05\/btn.jpg\"><\/a>\n","protected":false},"excerpt":{"rendered":"<p>Dire que la parit&eacute; caract&eacute;rise le monde de l&rsquo;automobile serait peut-&ecirc;tre exag&eacute;r&eacute; mais une chose est s&ucirc;re : il compte dans ses rangs de plus en plus de femmes &agrave; des postes o&ugrave; elles n&rsquo;&eacute;taient pas syst&eacute;matiquement repr&eacute;sent&eacute;es il y a seulement quelques ann&eacute;es en arri&egrave;re. Chez Cariviera, le concessionnaire aux 8 sites et 8&hellip; <a class=\"more-link\" href=\"https:\/\/www.in-magazines.com\/magazine\/sommaire\/inmagazine-27\/automobile-des-femmesen-premiere-ligne\/\">Poursuivre la lecture <span class=\"screen-reader-text\">Automobile : DES FEMMES EN PREMI\u00c8RE LIGNE<\/span><\/a><\/p>\n","protected":false},"author":1,"featured_media":8356,"comment_status":"open","ping_status":"open","sticky":false,"template":"","format":"standard","meta":{"footnotes":""},"categories":[1629,30],"tags":[289,1691],"yoast_head":"<!-- This site is optimized with the Yoast SEO plugin v16.2 - https:\/\/yoast.com\/wordpress\/plugins\/seo\/ -->\n<title>Automobile : DES FEMMES EN PREMI\u00c8RE LIGNE - In Magazines<\/title>\n<meta name=\"robots\" content=\"index, follow, max-snippet:-1, max-image-preview:large, max-video-preview:-1\" \/>\n<link rel=\"canonical\" href=\"https:\/\/www.in-magazines.com\/magazine\/categories\/intensite\/automobile-des-femmesen-premiere-ligne\/\" \/>\n<meta property=\"og:locale\" content=\"fr_FR\" \/>\n<meta property=\"og:type\" content=\"article\" \/>\n<meta property=\"og:title\" content=\"Automobile : DES FEMMES EN PREMI\u00c8RE LIGNE - In Magazines\" \/>\n<meta property=\"og:description\" content=\"Dire que la parit&eacute; caract&eacute;rise le monde de l&rsquo;automobile serait peut-&ecirc;tre exag&eacute;r&eacute; mais une chose est s&ucirc;re : il compte dans ses rangs de plus en plus de femmes &agrave; des postes o&ugrave; elles n&rsquo;&eacute;taient pas syst&eacute;matiquement repr&eacute;sent&eacute;es il y a seulement quelques ann&eacute;es en arri&egrave;re. Chez Cariviera, le concessionnaire aux 8 sites et 8&hellip; Poursuivre la lecture Automobile : DES FEMMES EN PREMI\u00c8RE LIGNE\" \/>\n<meta property=\"og:url\" content=\"https:\/\/www.in-magazines.com\/magazine\/categories\/intensite\/automobile-des-femmesen-premiere-ligne\/\" \/>\n<meta property=\"og:site_name\" content=\"In Magazines\" \/>\n<meta property=\"article:published_time\" content=\"2022-06-01T06:43:00+00:00\" \/>\n<meta property=\"article:modified_time\" content=\"2022-06-01T08:23:56+00:00\" \/>\n<meta property=\"og:image\" content=\"http:\/\/www.in-magazines.com\/magazine\/wp-content\/uploads\/2022\/06\/Automobile-DES-FEMMES-EN-PREMIERE-LIGNE.jpg\" \/>\n\t<meta property=\"og:image:width\" content=\"936\" \/>\n\t<meta property=\"og:image:height\" content=\"620\" \/>\n<meta name=\"twitter:label1\" content=\"Dur\u00e9e de lecture est.\">\n\t<meta name=\"twitter:data1\" content=\"2 minutes\">\n<script type=\"application\/ld+json\" class=\"yoast-schema-graph\">{\"@context\":\"https:\/\/schema.org\",\"@graph\":[{\"@type\":\"WebSite\",\"@id\":\"https:\/\/www.in-magazines.com\/magazine\/#website\",\"url\":\"https:\/\/www.in-magazines.com\/magazine\/\",\"name\":\"In Magazines\",\"description\":\"\",\"potentialAction\":[{\"@type\":\"SearchAction\",\"target\":\"https:\/\/www.in-magazines.com\/magazine\/?s={search_term_string}\",\"query-input\":\"required name=search_term_string\"}],\"inLanguage\":\"fr-FR\"},{\"@type\":\"ImageObject\",\"@id\":\"https:\/\/www.in-magazines.com\/magazine\/categories\/intensite\/automobile-des-femmesen-premiere-ligne\/#primaryimage\",\"inLanguage\":\"fr-FR\",\"url\":\"https:\/\/www.in-magazines.com\/magazine\/wp-content\/uploads\/2022\/06\/Automobile-DES-FEMMES-EN-PREMIERE-LIGNE.jpg\",\"contentUrl\":\"https:\/\/www.in-magazines.com\/magazine\/wp-content\/uploads\/2022\/06\/Automobile-DES-FEMMES-EN-PREMIERE-LIGNE.jpg\",\"width\":936,\"height\":620},{\"@type\":\"WebPage\",\"@id\":\"https:\/\/www.in-magazines.com\/magazine\/categories\/intensite\/automobile-des-femmesen-premiere-ligne\/#webpage\",\"url\":\"https:\/\/www.in-magazines.com\/magazine\/categories\/intensite\/automobile-des-femmesen-premiere-ligne\/\",\"name\":\"Automobile : DES FEMMES EN PREMI\\u00c8RE LIGNE - In Magazines\",\"isPartOf\":{\"@id\":\"https:\/\/www.in-magazines.com\/magazine\/#website\"},\"primaryImageOfPage\":{\"@id\":\"https:\/\/www.in-magazines.com\/magazine\/categories\/intensite\/automobile-des-femmesen-premiere-ligne\/#primaryimage\"},\"datePublished\":\"2022-06-01T06:43:00+00:00\",\"dateModified\":\"2022-06-01T08:23:56+00:00\",\"author\":{\"@id\":\"https:\/\/www.in-magazines.com\/magazine\/#\/schema\/person\/c27e7dabb9a1ef380814bdd5636d07e3\"},\"breadcrumb\":{\"@id\":\"https:\/\/www.in-magazines.com\/magazine\/categories\/intensite\/automobile-des-femmesen-premiere-ligne\/#breadcrumb\"},\"inLanguage\":\"fr-FR\",\"potentialAction\":[{\"@type\":\"ReadAction\",\"target\":[\"https:\/\/www.in-magazines.com\/magazine\/categories\/intensite\/automobile-des-femmesen-premiere-ligne\/\"]}]},{\"@type\":\"BreadcrumbList\",\"@id\":\"https:\/\/www.in-magazines.com\/magazine\/categories\/intensite\/automobile-des-femmesen-premiere-ligne\/#breadcrumb\",\"itemListElement\":[{\"@type\":\"ListItem\",\"position\":1,\"item\":{\"@id\":\"https:\/\/www.in-magazines.com\/magazine\/categories\/intensite\/automobile-des-femmesen-premiere-ligne\/#webpage\"}}]},{\"@type\":\"Person\",\"@id\":\"https:\/\/www.in-magazines.com\/magazine\/#\/schema\/person\/c27e7dabb9a1ef380814bdd5636d07e3\",\"name\":\"backinmag\",\"image\":{\"@type\":\"ImageObject\",\"@id\":\"https:\/\/www.in-magazines.com\/magazine\/#personlogo\",\"inLanguage\":\"fr-FR\",\"url\":\"https:\/\/secure.gravatar.com\/avatar\/13a234bb19dc4fd04793d73c3472fbdb?s=96&d=mm&r=g\",\"contentUrl\":\"https:\/\/secure.gravatar.com\/avatar\/13a234bb19dc4fd04793d73c3472fbdb?s=96&d=mm&r=g\",\"caption\":\"backinmag\"},\"sameAs\":[\"http:\/\/www.in-magazines.com\/magazin\"]}]}<\/script>\n<!-- \/ Yoast SEO plugin. -->","_links":{"self":[{"href":"https:\/\/www.in-magazines.com\/magazine\/wp-json\/wp\/v2\/posts\/8675"}],"collection":[{"href":"https:\/\/www.in-magazines.com\/magazine\/wp-json\/wp\/v2\/posts"}],"about":[{"href":"https:\/\/www.in-magazines.com\/magazine\/wp-json\/wp\/v2\/types\/post"}],"author":[{"embeddable":true,"href":"https:\/\/www.in-magazines.com\/magazine\/wp-json\/wp\/v2\/users\/1"}],"replies":[{"embeddable":true,"href":"https:\/\/www.in-magazines.com\/magazine\/wp-json\/wp\/v2\/comments?post=8675"}],"version-history":[{"count":3,"href":"https:\/\/www.in-magazines.com\/magazine\/wp-json\/wp\/v2\/posts\/8675\/revisions"}],"predecessor-version":[{"id":8694,"href":"https:\/\/www.in-magazines.com\/magazine\/wp-json\/wp\/v2\/posts\/8675\/revisions\/8694"}],"wp:featuredmedia":[{"embeddable":true,"href":"https:\/\/www.in-magazines.com\/magazine\/wp-json\/wp\/v2\/media\/8356"}],"wp:attachment":[{"href":"https:\/\/www.in-magazines.com\/magazine\/wp-json\/wp\/v2\/media?parent=8675"}],"wp:term":[{"taxonomy":"category","embeddable":true,"href":"https:\/\/www.in-magazines.com\/magazine\/wp-json\/wp\/v2\/categories?post=8675"},{"taxonomy":"post_tag","embeddable":true,"href":"https:\/\/www.in-magazines.com\/magazine\/wp-json\/wp\/v2\/tags?post=8675"}],"curies":[{"name":"wp","href":"https:\/\/api.w.org\/{rel}","templated":true}]}}