

{"id":9090,"date":"2022-08-29T06:33:00","date_gmt":"2022-08-29T06:33:00","guid":{"rendered":"https:\/\/www.in-magazines.com\/magazine\/?p=9090"},"modified":"2022-08-19T10:53:14","modified_gmt":"2022-08-19T10:53:14","slug":"grimaldi-forum-50-en-2025","status":"publish","type":"post","link":"https:\/\/www.in-magazines.com\/magazine\/sommaire\/inmagazine-28\/grimaldi-forum-50-en-2025\/","title":{"rendered":"GRIMALDI FORUM : +50 % en 2025"},"content":{"rendered":"\n<p>Le centre de congr\u00e8s et de culture de la Principaut\u00e9 va augmenter sa capacit\u00e9 d\u2019exposition de 50 %, avec 8.000 m\u00b2 d\u2019espaces int\u00e9rieurs et ext\u00e9rieurs suppl\u00e9mentaires d\u2019ici 2025. Avec Mareterra, le projet d\u2019\u00e9co-quartier en cours de construction d\u00e9cid\u00e9 par l\u2019\u00c9tat Mon\u00e9gasque et dans lequel l\u2019extension du Grimaldi Forum sera int\u00e9gr\u00e9e, c\u2019est tout l\u2019environnement du Centre de Congr\u00e8s et de Culture qui va s\u2019en trouver transform\u00e9.<\/p>\n\n\n\n<h2 class=\"wp-block-heading\">Continuit\u00e9 des plages du Larvotto<\/h2>\n\n\n\n<p>Enrichie de nouveaux commerces et restaurants, la r\u00e9cente r\u00e9novation des plages du Larvotto \u00e0 proximit\u00e9 imm\u00e9diate du Grimaldi Forum repr\u00e9sente un atout suppl\u00e9mentaire pour les congressistes qui pourront ainsi profiter de tous ces services au plus pr\u00e8s de leur centre de congr\u00e8s.<\/p>\n\n\n\n<h2 class=\"wp-block-heading\">41.000 m\u00b2<\/h2>\n\n\n\n<p>Passant d\u2019une superficie utile totale de 35 000 m<sup>2<\/sup> \u00e0 41 000 m<sup>2<\/sup>, le centre de culture et de congr\u00e8s, qui re\u00e7oit en moyenne une centaine d\u2019\u00e9v\u00e9nements et 250 000 visiteurs par an, pourra accueillir des \u00e9v\u00e9nements de plus grande envergure, combinant davantage de manifestations simultan\u00e9ment.<\/p>\n\n\n\n<h2 class=\"wp-block-heading\">1500 panneaux solaires<\/h2>\n\n\n\n<p>R\u00e9pondant \u00e0 un cahier des charges tr\u00e8s strict en mati\u00e8re environnementale, Mareterra s\u2019inscrit dans l\u2019objectif de la Principaut\u00e9 d\u2019atteindre la neutralit\u00e9 carbone en 2050. Le Grimaldi Forum y participera, gr\u00e2ce \u00e0 l&rsquo;\u00e9lectricit\u00e9 produite par les 1 500 panneaux photovolta\u00efques install\u00e9s sur son toit depuis 2019, qui permet d&rsquo;alimenter en \u00e9nergie les b\u00e2timents environnants et ce nouveau quartier.<\/p>\n\n\n\n<h2 class=\"wp-block-heading\">6 hectares<\/h2>\n\n\n\n<p>C\u2019est la surface totale de ce projet d\u2019\u00e9co-quartier qui accueillera logements, parking public, commerces, restaurants, une pin\u00e8de et un port de plaisance.<\/p>\n\n\n<a href=\"#\" class=\"_3d-flip-book  fb3d-link-lightbox-mode\" data-id=\"8799\" data-mode=\"link-lightbox\" data-title=\"false\" data-template=\"short-white-book-view\" data-lightbox=\"dark\" data-urlparam=\"fb3d-page\" data-page-n=\"0\" data-pdf=\"\" data-tax=\"null\" data-thumbnail=\"\" data-cols=\"3\" data-query=\"\"><img decoding=\"async\" src=\"http:\/\/www.in-magazines.com\/magazine\/wp-content\/uploads\/2021\/05\/btn.jpg\"><\/a>\n","protected":false},"excerpt":{"rendered":"<p>Le centre de congr&egrave;s et de culture de la Principaut&eacute; va augmenter sa capacit&eacute; d&rsquo;exposition de 50 %, avec 8.000 m&sup2; d&rsquo;espaces int&eacute;rieurs et ext&eacute;rieurs suppl&eacute;mentaires d&rsquo;ici 2025. Avec Mareterra, le projet d&rsquo;&eacute;co-quartier en cours de construction d&eacute;cid&eacute; par l&rsquo;&Eacute;tat Mon&eacute;gasque et dans lequel l&rsquo;extension du Grimaldi Forum sera int&eacute;gr&eacute;e, c&rsquo;est tout l&rsquo;environnement du Centre&hellip; <a class=\"more-link\" href=\"https:\/\/www.in-magazines.com\/magazine\/sommaire\/inmagazine-28\/grimaldi-forum-50-en-2025\/\">Poursuivre la lecture <span class=\"screen-reader-text\">GRIMALDI FORUM : +50 % en 2025<\/span><\/a><\/p>\n","protected":false},"author":1,"featured_media":9091,"comment_status":"open","ping_status":"open","sticky":false,"template":"","format":"standard","meta":{"footnotes":""},"categories":[1698,1693],"tags":[1762,1763],"yoast_head":"<!-- This site is optimized with the Yoast SEO plugin v16.2 - https:\/\/yoast.com\/wordpress\/plugins\/seo\/ -->\n<title>GRIMALDI FORUM : +50 % en 2025 - In Magazines<\/title>\n<meta name=\"robots\" content=\"index, follow, max-snippet:-1, max-image-preview:large, max-video-preview:-1\" \/>\n<link rel=\"canonical\" href=\"https:\/\/www.in-magazines.com\/magazine\/sommaire\/inmagazine-28\/grimaldi-forum-50-en-2025\/\" \/>\n<meta property=\"og:locale\" content=\"fr_FR\" \/>\n<meta property=\"og:type\" content=\"article\" \/>\n<meta property=\"og:title\" content=\"GRIMALDI FORUM : +50 % en 2025 - In Magazines\" \/>\n<meta property=\"og:description\" content=\"Le centre de congr&egrave;s et de culture de la Principaut&eacute; va augmenter sa capacit&eacute; d&rsquo;exposition de 50 %, avec 8.000 m&sup2; d&rsquo;espaces int&eacute;rieurs et ext&eacute;rieurs suppl&eacute;mentaires d&rsquo;ici 2025. Avec Mareterra, le projet d&rsquo;&eacute;co-quartier en cours de construction d&eacute;cid&eacute; par l&rsquo;&Eacute;tat Mon&eacute;gasque et dans lequel l&rsquo;extension du Grimaldi Forum sera int&eacute;gr&eacute;e, c&rsquo;est tout l&rsquo;environnement du Centre&hellip; Poursuivre la lecture GRIMALDI FORUM : +50 % en 2025\" \/>\n<meta property=\"og:url\" content=\"https:\/\/www.in-magazines.com\/magazine\/sommaire\/inmagazine-28\/grimaldi-forum-50-en-2025\/\" \/>\n<meta property=\"og:site_name\" content=\"In Magazines\" \/>\n<meta property=\"article:published_time\" content=\"2022-08-29T06:33:00+00:00\" \/>\n<meta property=\"article:modified_time\" content=\"2022-08-19T10:53:14+00:00\" \/>\n<meta property=\"og:image\" content=\"https:\/\/www.in-magazines.com\/magazine\/wp-content\/uploads\/2022\/08\/GRIMALDI-FORUM-50-en-2025.jpg\" \/>\n\t<meta property=\"og:image:width\" content=\"1200\" \/>\n\t<meta property=\"og:image:height\" content=\"800\" \/>\n<meta name=\"twitter:label1\" content=\"Dur\u00e9e de lecture est.\">\n\t<meta name=\"twitter:data1\" content=\"2 minutes\">\n<script type=\"application\/ld+json\" class=\"yoast-schema-graph\">{\"@context\":\"https:\/\/schema.org\",\"@graph\":[{\"@type\":\"WebSite\",\"@id\":\"https:\/\/www.in-magazines.com\/magazine\/#website\",\"url\":\"https:\/\/www.in-magazines.com\/magazine\/\",\"name\":\"In Magazines\",\"description\":\"\",\"potentialAction\":[{\"@type\":\"SearchAction\",\"target\":\"https:\/\/www.in-magazines.com\/magazine\/?s={search_term_string}\",\"query-input\":\"required name=search_term_string\"}],\"inLanguage\":\"fr-FR\"},{\"@type\":\"ImageObject\",\"@id\":\"https:\/\/www.in-magazines.com\/magazine\/sommaire\/inmagazine-28\/grimaldi-forum-50-en-2025\/#primaryimage\",\"inLanguage\":\"fr-FR\",\"url\":\"https:\/\/www.in-magazines.com\/magazine\/wp-content\/uploads\/2022\/08\/GRIMALDI-FORUM-50-en-2025.jpg\",\"contentUrl\":\"https:\/\/www.in-magazines.com\/magazine\/wp-content\/uploads\/2022\/08\/GRIMALDI-FORUM-50-en-2025.jpg\",\"width\":1200,\"height\":800},{\"@type\":\"WebPage\",\"@id\":\"https:\/\/www.in-magazines.com\/magazine\/sommaire\/inmagazine-28\/grimaldi-forum-50-en-2025\/#webpage\",\"url\":\"https:\/\/www.in-magazines.com\/magazine\/sommaire\/inmagazine-28\/grimaldi-forum-50-en-2025\/\",\"name\":\"GRIMALDI FORUM : +50 % en 2025 - In Magazines\",\"isPartOf\":{\"@id\":\"https:\/\/www.in-magazines.com\/magazine\/#website\"},\"primaryImageOfPage\":{\"@id\":\"https:\/\/www.in-magazines.com\/magazine\/sommaire\/inmagazine-28\/grimaldi-forum-50-en-2025\/#primaryimage\"},\"datePublished\":\"2022-08-29T06:33:00+00:00\",\"dateModified\":\"2022-08-19T10:53:14+00:00\",\"author\":{\"@id\":\"https:\/\/www.in-magazines.com\/magazine\/#\/schema\/person\/c27e7dabb9a1ef380814bdd5636d07e3\"},\"breadcrumb\":{\"@id\":\"https:\/\/www.in-magazines.com\/magazine\/sommaire\/inmagazine-28\/grimaldi-forum-50-en-2025\/#breadcrumb\"},\"inLanguage\":\"fr-FR\",\"potentialAction\":[{\"@type\":\"ReadAction\",\"target\":[\"https:\/\/www.in-magazines.com\/magazine\/sommaire\/inmagazine-28\/grimaldi-forum-50-en-2025\/\"]}]},{\"@type\":\"BreadcrumbList\",\"@id\":\"https:\/\/www.in-magazines.com\/magazine\/sommaire\/inmagazine-28\/grimaldi-forum-50-en-2025\/#breadcrumb\",\"itemListElement\":[{\"@type\":\"ListItem\",\"position\":1,\"item\":{\"@id\":\"https:\/\/www.in-magazines.com\/magazine\/sommaire\/inmagazine-28\/grimaldi-forum-50-en-2025\/#webpage\"}}]},{\"@type\":\"Person\",\"@id\":\"https:\/\/www.in-magazines.com\/magazine\/#\/schema\/person\/c27e7dabb9a1ef380814bdd5636d07e3\",\"name\":\"backinmag\",\"image\":{\"@type\":\"ImageObject\",\"@id\":\"https:\/\/www.in-magazines.com\/magazine\/#personlogo\",\"inLanguage\":\"fr-FR\",\"url\":\"https:\/\/secure.gravatar.com\/avatar\/13a234bb19dc4fd04793d73c3472fbdb?s=96&d=mm&r=g\",\"contentUrl\":\"https:\/\/secure.gravatar.com\/avatar\/13a234bb19dc4fd04793d73c3472fbdb?s=96&d=mm&r=g\",\"caption\":\"backinmag\"},\"sameAs\":[\"http:\/\/www.in-magazines.com\/magazin\"]}]}<\/script>\n<!-- \/ Yoast SEO plugin. -->","_links":{"self":[{"href":"https:\/\/www.in-magazines.com\/magazine\/wp-json\/wp\/v2\/posts\/9090"}],"collection":[{"href":"https:\/\/www.in-magazines.com\/magazine\/wp-json\/wp\/v2\/posts"}],"about":[{"href":"https:\/\/www.in-magazines.com\/magazine\/wp-json\/wp\/v2\/types\/post"}],"author":[{"embeddable":true,"href":"https:\/\/www.in-magazines.com\/magazine\/wp-json\/wp\/v2\/users\/1"}],"replies":[{"embeddable":true,"href":"https:\/\/www.in-magazines.com\/magazine\/wp-json\/wp\/v2\/comments?post=9090"}],"version-history":[{"count":2,"href":"https:\/\/www.in-magazines.com\/magazine\/wp-json\/wp\/v2\/posts\/9090\/revisions"}],"predecessor-version":[{"id":9093,"href":"https:\/\/www.in-magazines.com\/magazine\/wp-json\/wp\/v2\/posts\/9090\/revisions\/9093"}],"wp:featuredmedia":[{"embeddable":true,"href":"https:\/\/www.in-magazines.com\/magazine\/wp-json\/wp\/v2\/media\/9091"}],"wp:attachment":[{"href":"https:\/\/www.in-magazines.com\/magazine\/wp-json\/wp\/v2\/media?parent=9090"}],"wp:term":[{"taxonomy":"category","embeddable":true,"href":"https:\/\/www.in-magazines.com\/magazine\/wp-json\/wp\/v2\/categories?post=9090"},{"taxonomy":"post_tag","embeddable":true,"href":"https:\/\/www.in-magazines.com\/magazine\/wp-json\/wp\/v2\/tags?post=9090"}],"curies":[{"name":"wp","href":"https:\/\/api.w.org\/{rel}","templated":true}]}}