

{"id":9196,"date":"2022-08-29T06:46:00","date_gmt":"2022-08-29T06:46:00","guid":{"rendered":"https:\/\/www.in-magazines.com\/magazine\/?p=9196"},"modified":"2022-08-29T07:58:12","modified_gmt":"2022-08-29T07:58:12","slug":"made-in-cote-dazur-un-evenement-de-rentree-pour-motiver-vos-equipes","status":"publish","type":"post","link":"https:\/\/www.in-magazines.com\/magazine\/sommaire\/inmagazine-28\/made-in-cote-dazur-un-evenement-de-rentree-pour-motiver-vos-equipes\/","title":{"rendered":"MADE IN C\u00d4TE D\u2019AZUR : UN \u00c9V\u00c9NEMENT de rentr\u00e9e pour motiver vos \u00e9quipes !"},"content":{"rendered":"\n<p>Made In C\u00f4te d\u2019Azur, c\u2019est la cr\u00e9ativit\u00e9 au service de vos \u00e9v\u00e9nements professionnels. Dans le contexte de la rentr\u00e9e qui approche \u00e0 grands pas, remobilisez vos \u00e9quipes avec Made In C\u00f4te d\u2019Azur ! Manag\u00e9e par Marie-Christine Cherrier Couette et bas\u00e9e \u00e0 Cannes, l\u2019agence exporte son savoir-faire en r\u00e9gion PACA, Rh\u00f4ne-Alpes et dans la France enti\u00e8re sur demande.<\/p>\n\n\n\n<p>Cr\u00e9ateurs et producteurs de Team Building et Incentives pour les entreprises : Renforcez la coh\u00e9sion de vos \u00e9quipes et organisez un \u00e9v\u00e9nement ludique, f\u00e9d\u00e9rateur et participatif en fonction de vos objectifs, vos valeurs, vos d\u00e9lais et en ad\u00e9quation avec votre budget.<\/p>\n\n\n\n<p>Privatisation de lieux pour vos diners, cocktails, soir\u00e9es, et lancements de produit\u2026 Les bonnes raisons de se r\u00e9unir sont nombreuses et ont toujours une vertu : celle de cr\u00e9er une synergie entre vous, resserrer les liens que la distance, le t\u00e9l\u00e9travail, les cong\u00e9s ou la conjoncture \u00e9conomique auraient pu distendre.<\/p>\n\n\n\n<p>Accompagnateurs dans la pr\u00e9paration de vos s\u00e9minaires et de toutes activit\u00e9s de groupes (recherche de lieux originaux et adapt\u00e9s, transferts\u2026) dans la r\u00e9gion PACA, de 10 \u00e0 2 000 personnes, l\u2019\u00e9quipe Made In C\u00f4te d\u2019Azur sera le garant de la r\u00e9ussite de votre projet !<\/p>\n\n\n\n<p><strong>Made in C\u00f4te d\u2019Azur, Made for you !<\/strong><br>Cr\u00e9ez l\u2019\u00e9v\u00e9nement qui vous ressemble, \u00e0 l\u2019image de vos codes de communication, dans votre univers et impr\u00e9gn\u00e9 de votre culture d\u2019entreprise\u2026 L\u2019\u00e9quipe Made In C\u00f4te d\u2019Azur saura concevoir une animation qui respecte et valorise votre positionnement et bien \u00e9videmment en lien avec votre environnement \u00e9conomique : collaborateurs, prestataires, clients, fournisseurs\u2026<\/p>\n\n\n<a href=\"#\" class=\"_3d-flip-book  fb3d-link-lightbox-mode\" data-id=\"8816\" data-mode=\"link-lightbox\" data-title=\"false\" data-template=\"short-white-book-view\" data-lightbox=\"dark\" data-urlparam=\"fb3d-page\" data-page-n=\"0\" data-pdf=\"\" data-tax=\"null\" data-thumbnail=\"\" data-cols=\"3\" data-query=\"\"><img decoding=\"async\" src=\"http:\/\/www.in-magazines.com\/magazine\/wp-content\/uploads\/2021\/05\/btn.jpg\"><\/a>\n","protected":false},"excerpt":{"rendered":"<p>Made In C&ocirc;te d&rsquo;Azur, c&rsquo;est la cr&eacute;ativit&eacute; au service de vos &eacute;v&eacute;nements professionnels. Dans le contexte de la rentr&eacute;e qui approche &agrave; grands pas, remobilisez vos &eacute;quipes avec Made In C&ocirc;te d&rsquo;Azur ! Manag&eacute;e par Marie-Christine Cherrier Couette et bas&eacute;e &agrave; Cannes, l&rsquo;agence exporte son savoir-faire en r&eacute;gion PACA, Rh&ocirc;ne-Alpes et dans la France enti&egrave;re&hellip; <a class=\"more-link\" href=\"https:\/\/www.in-magazines.com\/magazine\/sommaire\/inmagazine-28\/made-in-cote-dazur-un-evenement-de-rentree-pour-motiver-vos-equipes\/\">Poursuivre la lecture <span class=\"screen-reader-text\">MADE IN C\u00d4TE D\u2019AZUR : UN \u00c9V\u00c9NEMENT de rentr\u00e9e pour motiver vos \u00e9quipes !<\/span><\/a><\/p>\n","protected":false},"author":1,"featured_media":9197,"comment_status":"open","ping_status":"open","sticky":false,"template":"","format":"standard","meta":{"footnotes":""},"categories":[1693,1700],"tags":[1710,1789,1790],"yoast_head":"<!-- This site is optimized with the Yoast SEO plugin v16.2 - https:\/\/yoast.com\/wordpress\/plugins\/seo\/ -->\n<title>MADE IN C\u00d4TE D\u2019AZUR : UN \u00c9V\u00c9NEMENT de rentr\u00e9e pour motiver vos \u00e9quipes ! - In Magazines<\/title>\n<meta name=\"robots\" content=\"index, follow, max-snippet:-1, max-image-preview:large, max-video-preview:-1\" \/>\n<link rel=\"canonical\" href=\"https:\/\/www.in-magazines.com\/magazine\/sommaire\/inmagazine-28\/made-in-cote-dazur-un-evenement-de-rentree-pour-motiver-vos-equipes\/\" \/>\n<meta property=\"og:locale\" content=\"fr_FR\" \/>\n<meta property=\"og:type\" content=\"article\" \/>\n<meta property=\"og:title\" content=\"MADE IN C\u00d4TE D\u2019AZUR : UN \u00c9V\u00c9NEMENT de rentr\u00e9e pour motiver vos \u00e9quipes ! - In Magazines\" \/>\n<meta property=\"og:description\" content=\"Made In C&ocirc;te d&rsquo;Azur, c&rsquo;est la cr&eacute;ativit&eacute; au service de vos &eacute;v&eacute;nements professionnels. Dans le contexte de la rentr&eacute;e qui approche &agrave; grands pas, remobilisez vos &eacute;quipes avec Made In C&ocirc;te d&rsquo;Azur ! Manag&eacute;e par Marie-Christine Cherrier Couette et bas&eacute;e &agrave; Cannes, l&rsquo;agence exporte son savoir-faire en r&eacute;gion PACA, Rh&ocirc;ne-Alpes et dans la France enti&egrave;re&hellip; Poursuivre la lecture MADE IN C\u00d4TE D\u2019AZUR : UN \u00c9V\u00c9NEMENT de rentr\u00e9e pour motiver vos \u00e9quipes !\" \/>\n<meta property=\"og:url\" content=\"https:\/\/www.in-magazines.com\/magazine\/sommaire\/inmagazine-28\/made-in-cote-dazur-un-evenement-de-rentree-pour-motiver-vos-equipes\/\" \/>\n<meta property=\"og:site_name\" content=\"In Magazines\" \/>\n<meta property=\"article:published_time\" content=\"2022-08-29T06:46:00+00:00\" \/>\n<meta property=\"article:modified_time\" content=\"2022-08-29T07:58:12+00:00\" \/>\n<meta property=\"og:image\" content=\"http:\/\/www.in-magazines.com\/magazine\/wp-content\/uploads\/2022\/08\/MADE-IN-COTE-DAZUR-UN-EVENEMENT-de-rentree-pour-motiver-vos-equipes.jpg\" \/>\n\t<meta property=\"og:image:width\" content=\"1200\" \/>\n\t<meta property=\"og:image:height\" content=\"800\" \/>\n<meta name=\"twitter:label1\" content=\"Dur\u00e9e de lecture est.\">\n\t<meta name=\"twitter:data1\" content=\"2 minutes\">\n<script type=\"application\/ld+json\" class=\"yoast-schema-graph\">{\"@context\":\"https:\/\/schema.org\",\"@graph\":[{\"@type\":\"WebSite\",\"@id\":\"https:\/\/www.in-magazines.com\/magazine\/#website\",\"url\":\"https:\/\/www.in-magazines.com\/magazine\/\",\"name\":\"In Magazines\",\"description\":\"\",\"potentialAction\":[{\"@type\":\"SearchAction\",\"target\":\"https:\/\/www.in-magazines.com\/magazine\/?s={search_term_string}\",\"query-input\":\"required name=search_term_string\"}],\"inLanguage\":\"fr-FR\"},{\"@type\":\"ImageObject\",\"@id\":\"https:\/\/www.in-magazines.com\/magazine\/sommaire\/inmagazine-28\/made-in-cote-dazur-un-evenement-de-rentree-pour-motiver-vos-equipes\/#primaryimage\",\"inLanguage\":\"fr-FR\",\"url\":\"https:\/\/www.in-magazines.com\/magazine\/wp-content\/uploads\/2022\/08\/MADE-IN-COTE-DAZUR-UN-EVENEMENT-de-rentree-pour-motiver-vos-equipes.jpg\",\"contentUrl\":\"https:\/\/www.in-magazines.com\/magazine\/wp-content\/uploads\/2022\/08\/MADE-IN-COTE-DAZUR-UN-EVENEMENT-de-rentree-pour-motiver-vos-equipes.jpg\",\"width\":1200,\"height\":800},{\"@type\":\"WebPage\",\"@id\":\"https:\/\/www.in-magazines.com\/magazine\/sommaire\/inmagazine-28\/made-in-cote-dazur-un-evenement-de-rentree-pour-motiver-vos-equipes\/#webpage\",\"url\":\"https:\/\/www.in-magazines.com\/magazine\/sommaire\/inmagazine-28\/made-in-cote-dazur-un-evenement-de-rentree-pour-motiver-vos-equipes\/\",\"name\":\"MADE IN C\\u00d4TE D\\u2019AZUR : UN \\u00c9V\\u00c9NEMENT de rentr\\u00e9e pour motiver vos \\u00e9quipes ! - In Magazines\",\"isPartOf\":{\"@id\":\"https:\/\/www.in-magazines.com\/magazine\/#website\"},\"primaryImageOfPage\":{\"@id\":\"https:\/\/www.in-magazines.com\/magazine\/sommaire\/inmagazine-28\/made-in-cote-dazur-un-evenement-de-rentree-pour-motiver-vos-equipes\/#primaryimage\"},\"datePublished\":\"2022-08-29T06:46:00+00:00\",\"dateModified\":\"2022-08-29T07:58:12+00:00\",\"author\":{\"@id\":\"https:\/\/www.in-magazines.com\/magazine\/#\/schema\/person\/c27e7dabb9a1ef380814bdd5636d07e3\"},\"breadcrumb\":{\"@id\":\"https:\/\/www.in-magazines.com\/magazine\/sommaire\/inmagazine-28\/made-in-cote-dazur-un-evenement-de-rentree-pour-motiver-vos-equipes\/#breadcrumb\"},\"inLanguage\":\"fr-FR\",\"potentialAction\":[{\"@type\":\"ReadAction\",\"target\":[\"https:\/\/www.in-magazines.com\/magazine\/sommaire\/inmagazine-28\/made-in-cote-dazur-un-evenement-de-rentree-pour-motiver-vos-equipes\/\"]}]},{\"@type\":\"BreadcrumbList\",\"@id\":\"https:\/\/www.in-magazines.com\/magazine\/sommaire\/inmagazine-28\/made-in-cote-dazur-un-evenement-de-rentree-pour-motiver-vos-equipes\/#breadcrumb\",\"itemListElement\":[{\"@type\":\"ListItem\",\"position\":1,\"item\":{\"@id\":\"https:\/\/www.in-magazines.com\/magazine\/sommaire\/inmagazine-28\/made-in-cote-dazur-un-evenement-de-rentree-pour-motiver-vos-equipes\/#webpage\"}}]},{\"@type\":\"Person\",\"@id\":\"https:\/\/www.in-magazines.com\/magazine\/#\/schema\/person\/c27e7dabb9a1ef380814bdd5636d07e3\",\"name\":\"backinmag\",\"image\":{\"@type\":\"ImageObject\",\"@id\":\"https:\/\/www.in-magazines.com\/magazine\/#personlogo\",\"inLanguage\":\"fr-FR\",\"url\":\"https:\/\/secure.gravatar.com\/avatar\/13a234bb19dc4fd04793d73c3472fbdb?s=96&d=mm&r=g\",\"contentUrl\":\"https:\/\/secure.gravatar.com\/avatar\/13a234bb19dc4fd04793d73c3472fbdb?s=96&d=mm&r=g\",\"caption\":\"backinmag\"},\"sameAs\":[\"http:\/\/www.in-magazines.com\/magazin\"]}]}<\/script>\n<!-- \/ Yoast SEO plugin. -->","_links":{"self":[{"href":"https:\/\/www.in-magazines.com\/magazine\/wp-json\/wp\/v2\/posts\/9196"}],"collection":[{"href":"https:\/\/www.in-magazines.com\/magazine\/wp-json\/wp\/v2\/posts"}],"about":[{"href":"https:\/\/www.in-magazines.com\/magazine\/wp-json\/wp\/v2\/types\/post"}],"author":[{"embeddable":true,"href":"https:\/\/www.in-magazines.com\/magazine\/wp-json\/wp\/v2\/users\/1"}],"replies":[{"embeddable":true,"href":"https:\/\/www.in-magazines.com\/magazine\/wp-json\/wp\/v2\/comments?post=9196"}],"version-history":[{"count":2,"href":"https:\/\/www.in-magazines.com\/magazine\/wp-json\/wp\/v2\/posts\/9196\/revisions"}],"predecessor-version":[{"id":9199,"href":"https:\/\/www.in-magazines.com\/magazine\/wp-json\/wp\/v2\/posts\/9196\/revisions\/9199"}],"wp:featuredmedia":[{"embeddable":true,"href":"https:\/\/www.in-magazines.com\/magazine\/wp-json\/wp\/v2\/media\/9197"}],"wp:attachment":[{"href":"https:\/\/www.in-magazines.com\/magazine\/wp-json\/wp\/v2\/media?parent=9196"}],"wp:term":[{"taxonomy":"category","embeddable":true,"href":"https:\/\/www.in-magazines.com\/magazine\/wp-json\/wp\/v2\/categories?post=9196"},{"taxonomy":"post_tag","embeddable":true,"href":"https:\/\/www.in-magazines.com\/magazine\/wp-json\/wp\/v2\/tags?post=9196"}],"curies":[{"name":"wp","href":"https:\/\/api.w.org\/{rel}","templated":true}]}}