

{"id":928,"date":"2020-09-08T11:25:00","date_gmt":"2020-09-08T11:25:00","guid":{"rendered":"https:\/\/www.in-magazines.com\/magazine\/?p=928"},"modified":"2021-06-01T14:08:15","modified_gmt":"2021-06-01T14:08:15","slug":"avec-transcan-de-nouvelles-solutions-de-mobilite-et-de-logistique","status":"publish","type":"post","link":"https:\/\/www.in-magazines.com\/magazine\/sommaire\/inantipolis-16\/avec-transcan-de-nouvelles-solutions-de-mobilite-et-de-logistique\/","title":{"rendered":"Avec Transcan, de nouvelles solutions de mobilit\u00e9 et de logistique"},"content":{"rendered":"\n<p>L\u2019activit\u00e9 du e-commerce a fortement augment\u00e9 pendant la p\u00e9riode de confinement. Une r\u00e9alit\u00e9 qui a boulevers\u00e9 la donne en mati\u00e8re de logistique et de livraison, des questions que ma\u00eetrise le groupe Transcan dirig\u00e9 par Franck Cannata.<\/p>\n\n\n\n<p>De nombreux acteurs locaux ont eu beaucoup de mal \u00e0 faire face \u00e0 un afflux massif de commandes, pendant et au sortir du confinement. Nos solutions logistiques leur ont permis d\u2019absorber cette activit\u00e9&nbsp;\u00bb. Avec une surface totale de 60.000 m\u00b2 dont 12.000&nbsp; m\u00b2 d\u00e9di\u00e9e exclusivement au e-commerce, Transcan se positionne fortement comme un sp\u00e9cialiste r\u00e9gional de la logistique.<\/p>\n\n\n\n<p>\u00ab L\u2019approche que nous d\u00e9veloppons et les solutions mises en place par Transcan nous permettent de travailler pour tout secteur d\u2019activit\u00e9. Nos clients e-commer\u00e7ants \u00e9voluent aussi bien dans les bijoux fantaisie, que l\u2019alimentaire avec certains produits tr\u00e8s fragiles, la parapharmacie ou les syst\u00e8mes de climatisation ! Pour chacun d\u2019entre eux, nous avons r\u00e9fl\u00e9chi et mis au point une organisation sp\u00e9cifique \u00e0 leurs produits. Nous avons automatis\u00e9 en partie le traitement, l&#8217;emballage et le tri de leurs colis. Tout e-commer\u00e7ant azur\u00e9en peut nous consulter sur ces questions, d\u2019autant que notre surface qui leur est d\u00e9di\u00e9e avoisine actuellement les 12.000 m\u00b2, et elle va encore s\u2019\u00e9tendre prochainement \u00bb.<\/p>\n\n\n\n<h2 class=\"wp-block-heading\">Logistique : mieux g\u00e9rer le dernier km<\/h2>\n\n\n\n<p>De m\u00eame, et en r\u00e9flexion depuis six ans sur ces questions, le groupe de transport affine sa solution globale de transport de produits, depuis leur arriv\u00e9e sur le territoire jusque chez les commer\u00e7ants ou particuliers. Objectif territorial : \u00ab Fluidifier les flux et rendre plus \u00e9cologique la livraison sur le dernier kilom\u00e8tre \u00bb.<\/p>\n\n\n\n<p>Cette logistique du dernier kilom\u00e8tre d\u00e9bute au Parc d\u2019Activit\u00e9 Logistique (PAL) de Saint-Isidore o\u00f9 Transcan assure le tri et le dispatch de marchandises. De futures installations permettront de redimensionner les infrastructures n\u00e9cessaires \u00e0 ce projet de grande ampleur.<\/p>\n\n\n<a href=\"#\" class=\"_3d-flip-book  fb3d-link-lightbox-mode\" data-id=\"931\" data-mode=\"link-lightbox\" data-title=\"false\" data-template=\"short-white-book-view\" data-lightbox=\"dark\" data-urlparam=\"fb3d-page\" data-page-n=\"0\" data-pdf=\"\" data-tax=\"null\" data-thumbnail=\"\" data-cols=\"3\" data-query=\"\"><img decoding=\"async\" src=\"http:\/\/www.in-magazines.com\/magazine\/wp-content\/uploads\/2021\/05\/btn.jpg\"><\/a>\n\n\n\n<p><\/p>\n","protected":false},"excerpt":{"rendered":"<p>L&rsquo;activit&eacute; du e-commerce a fortement augment&eacute; pendant la p&eacute;riode de confinement. Une r&eacute;alit&eacute; qui a boulevers&eacute; la donne en mati&egrave;re de logistique et de livraison, des questions que ma&icirc;trise le groupe Transcan dirig&eacute; par Franck Cannata. De nombreux acteurs locaux ont eu beaucoup de mal &agrave; faire face &agrave; un afflux massif de commandes, pendant&hellip; <a class=\"more-link\" href=\"https:\/\/www.in-magazines.com\/magazine\/sommaire\/inantipolis-16\/avec-transcan-de-nouvelles-solutions-de-mobilite-et-de-logistique\/\">Poursuivre la lecture <span class=\"screen-reader-text\">Avec Transcan, de nouvelles solutions de mobilit\u00e9 et de logistique<\/span><\/a><\/p>\n","protected":false},"author":1,"featured_media":906,"comment_status":"open","ping_status":"open","sticky":false,"template":"","format":"standard","meta":{"footnotes":""},"categories":[4,12],"tags":[52,53,152,264,794,932],"yoast_head":"<!-- This site is optimized with the Yoast SEO plugin v16.2 - https:\/\/yoast.com\/wordpress\/plugins\/seo\/ -->\n<title>Avec Transcan, de nouvelles solutions de mobilit\u00e9 et de logistique - In Magazines<\/title>\n<meta name=\"robots\" content=\"index, follow, max-snippet:-1, max-image-preview:large, max-video-preview:-1\" \/>\n<link rel=\"canonical\" href=\"https:\/\/www.in-magazines.com\/magazine\/sommaire\/inantipolis-16\/avec-transcan-de-nouvelles-solutions-de-mobilite-et-de-logistique\/\" \/>\n<meta property=\"og:locale\" content=\"fr_FR\" \/>\n<meta property=\"og:type\" content=\"article\" \/>\n<meta property=\"og:title\" content=\"Avec Transcan, de nouvelles solutions de mobilit\u00e9 et de logistique - In Magazines\" \/>\n<meta property=\"og:description\" content=\"L&rsquo;activit&eacute; du e-commerce a fortement augment&eacute; pendant la p&eacute;riode de confinement. Une r&eacute;alit&eacute; qui a boulevers&eacute; la donne en mati&egrave;re de logistique et de livraison, des questions que ma&icirc;trise le groupe Transcan dirig&eacute; par Franck Cannata. De nombreux acteurs locaux ont eu beaucoup de mal &agrave; faire face &agrave; un afflux massif de commandes, pendant&hellip; Poursuivre la lecture Avec Transcan, de nouvelles solutions de mobilit\u00e9 et de logistique\" \/>\n<meta property=\"og:url\" content=\"https:\/\/www.in-magazines.com\/magazine\/sommaire\/inantipolis-16\/avec-transcan-de-nouvelles-solutions-de-mobilite-et-de-logistique\/\" \/>\n<meta property=\"og:site_name\" content=\"In Magazines\" \/>\n<meta property=\"article:published_time\" content=\"2020-09-08T11:25:00+00:00\" \/>\n<meta property=\"article:modified_time\" content=\"2021-06-01T14:08:15+00:00\" \/>\n<meta property=\"og:image\" content=\"https:\/\/www.in-magazines.com\/magazine\/wp-content\/uploads\/2021\/05\/img99.jpg\" \/>\n\t<meta property=\"og:image:width\" content=\"1651\" \/>\n\t<meta property=\"og:image:height\" content=\"1101\" \/>\n<meta name=\"twitter:label1\" content=\"Dur\u00e9e de lecture est.\">\n\t<meta name=\"twitter:data1\" content=\"2 minutes\">\n<script type=\"application\/ld+json\" class=\"yoast-schema-graph\">{\"@context\":\"https:\/\/schema.org\",\"@graph\":[{\"@type\":\"WebSite\",\"@id\":\"https:\/\/www.in-magazines.com\/magazine\/#website\",\"url\":\"https:\/\/www.in-magazines.com\/magazine\/\",\"name\":\"In Magazines\",\"description\":\"\",\"potentialAction\":[{\"@type\":\"SearchAction\",\"target\":\"https:\/\/www.in-magazines.com\/magazine\/?s={search_term_string}\",\"query-input\":\"required name=search_term_string\"}],\"inLanguage\":\"fr-FR\"},{\"@type\":\"ImageObject\",\"@id\":\"https:\/\/www.in-magazines.com\/magazine\/sommaire\/inantipolis-16\/avec-transcan-de-nouvelles-solutions-de-mobilite-et-de-logistique\/#primaryimage\",\"inLanguage\":\"fr-FR\",\"url\":\"https:\/\/www.in-magazines.com\/magazine\/wp-content\/uploads\/2021\/05\/img99.jpg\",\"contentUrl\":\"https:\/\/www.in-magazines.com\/magazine\/wp-content\/uploads\/2021\/05\/img99.jpg\",\"width\":1651,\"height\":1101},{\"@type\":\"WebPage\",\"@id\":\"https:\/\/www.in-magazines.com\/magazine\/sommaire\/inantipolis-16\/avec-transcan-de-nouvelles-solutions-de-mobilite-et-de-logistique\/#webpage\",\"url\":\"https:\/\/www.in-magazines.com\/magazine\/sommaire\/inantipolis-16\/avec-transcan-de-nouvelles-solutions-de-mobilite-et-de-logistique\/\",\"name\":\"Avec Transcan, de nouvelles solutions de mobilit\\u00e9 et de logistique - In Magazines\",\"isPartOf\":{\"@id\":\"https:\/\/www.in-magazines.com\/magazine\/#website\"},\"primaryImageOfPage\":{\"@id\":\"https:\/\/www.in-magazines.com\/magazine\/sommaire\/inantipolis-16\/avec-transcan-de-nouvelles-solutions-de-mobilite-et-de-logistique\/#primaryimage\"},\"datePublished\":\"2020-09-08T11:25:00+00:00\",\"dateModified\":\"2021-06-01T14:08:15+00:00\",\"author\":{\"@id\":\"https:\/\/www.in-magazines.com\/magazine\/#\/schema\/person\/c27e7dabb9a1ef380814bdd5636d07e3\"},\"breadcrumb\":{\"@id\":\"https:\/\/www.in-magazines.com\/magazine\/sommaire\/inantipolis-16\/avec-transcan-de-nouvelles-solutions-de-mobilite-et-de-logistique\/#breadcrumb\"},\"inLanguage\":\"fr-FR\",\"potentialAction\":[{\"@type\":\"ReadAction\",\"target\":[\"https:\/\/www.in-magazines.com\/magazine\/sommaire\/inantipolis-16\/avec-transcan-de-nouvelles-solutions-de-mobilite-et-de-logistique\/\"]}]},{\"@type\":\"BreadcrumbList\",\"@id\":\"https:\/\/www.in-magazines.com\/magazine\/sommaire\/inantipolis-16\/avec-transcan-de-nouvelles-solutions-de-mobilite-et-de-logistique\/#breadcrumb\",\"itemListElement\":[{\"@type\":\"ListItem\",\"position\":1,\"item\":{\"@id\":\"https:\/\/www.in-magazines.com\/magazine\/sommaire\/inantipolis-16\/avec-transcan-de-nouvelles-solutions-de-mobilite-et-de-logistique\/#webpage\"}}]},{\"@type\":\"Person\",\"@id\":\"https:\/\/www.in-magazines.com\/magazine\/#\/schema\/person\/c27e7dabb9a1ef380814bdd5636d07e3\",\"name\":\"backinmag\",\"image\":{\"@type\":\"ImageObject\",\"@id\":\"https:\/\/www.in-magazines.com\/magazine\/#personlogo\",\"inLanguage\":\"fr-FR\",\"url\":\"https:\/\/secure.gravatar.com\/avatar\/13a234bb19dc4fd04793d73c3472fbdb?s=96&d=mm&r=g\",\"contentUrl\":\"https:\/\/secure.gravatar.com\/avatar\/13a234bb19dc4fd04793d73c3472fbdb?s=96&d=mm&r=g\",\"caption\":\"backinmag\"},\"sameAs\":[\"http:\/\/www.in-magazines.com\/magazin\"]}]}<\/script>\n<!-- \/ Yoast SEO plugin. -->","_links":{"self":[{"href":"https:\/\/www.in-magazines.com\/magazine\/wp-json\/wp\/v2\/posts\/928"}],"collection":[{"href":"https:\/\/www.in-magazines.com\/magazine\/wp-json\/wp\/v2\/posts"}],"about":[{"href":"https:\/\/www.in-magazines.com\/magazine\/wp-json\/wp\/v2\/types\/post"}],"author":[{"embeddable":true,"href":"https:\/\/www.in-magazines.com\/magazine\/wp-json\/wp\/v2\/users\/1"}],"replies":[{"embeddable":true,"href":"https:\/\/www.in-magazines.com\/magazine\/wp-json\/wp\/v2\/comments?post=928"}],"version-history":[{"count":3,"href":"https:\/\/www.in-magazines.com\/magazine\/wp-json\/wp\/v2\/posts\/928\/revisions"}],"predecessor-version":[{"id":2667,"href":"https:\/\/www.in-magazines.com\/magazine\/wp-json\/wp\/v2\/posts\/928\/revisions\/2667"}],"wp:featuredmedia":[{"embeddable":true,"href":"https:\/\/www.in-magazines.com\/magazine\/wp-json\/wp\/v2\/media\/906"}],"wp:attachment":[{"href":"https:\/\/www.in-magazines.com\/magazine\/wp-json\/wp\/v2\/media?parent=928"}],"wp:term":[{"taxonomy":"category","embeddable":true,"href":"https:\/\/www.in-magazines.com\/magazine\/wp-json\/wp\/v2\/categories?post=928"},{"taxonomy":"post_tag","embeddable":true,"href":"https:\/\/www.in-magazines.com\/magazine\/wp-json\/wp\/v2\/tags?post=928"}],"curies":[{"name":"wp","href":"https:\/\/api.w.org\/{rel}","templated":true}]}}