

{"id":9663,"date":"2022-10-10T06:37:00","date_gmt":"2022-10-10T06:37:00","guid":{"rendered":"https:\/\/www.in-magazines.com\/magazine\/?p=9663"},"modified":"2022-10-10T06:11:59","modified_gmt":"2022-10-10T06:11:59","slug":"chateau-de-cremat-lart-de-la-fete-celebre-toute-lannee","status":"publish","type":"post","link":"https:\/\/www.in-magazines.com\/magazine\/sommaire\/inmagazine-29\/chateau-de-cremat-lart-de-la-fete-celebre-toute-lannee\/","title":{"rendered":"CH\u00c2TEAU DE CR\u00c9MAT : L\u2019ART DE LA F\u00caTE, c\u00e9l\u00e9br\u00e9 toute l\u2019ann\u00e9e"},"content":{"rendered":"\n<p>En sollicitant l\u2019excellence et l\u2019originalit\u00e9 de l\u2019artisanat azur\u00e9en, le Ch\u00e2teau de Cr\u00e9mat invitait \u00e0 \u00ab L\u2019Art de la f\u00eate \u00bb les 8 et 9 octobre derniers. Une premi\u00e8re \u00e9dition pour d\u00e9couvrir l\u2019embl\u00e9matique joyau azur\u00e9en, qui accueillait le temps d\u2019un weekend end artistes, cr\u00e9ateurs, gastronomie ainsi qu\u2019une foule d\u2019animations d\u00e9di\u00e9es \u00e0 l\u2019art de vivre. Sans oublier que le ch\u00e2teau vous ouvre ses portes jusqu\u2019\u00e0 fin d\u00e9cembre, pour c\u00e9l\u00e9brer les f\u00eates de fin d\u2019ann\u00e9e dans une ambiance f\u00e9\u00e9rique avec vos collaborateurs et partenaires.<\/p>\n\n\n\n<p>L \u2019Art de la f\u00eate est un concept lanc\u00e9 par Soraya Bahsoun, entrepreneure passionn\u00e9e et directrice du Young Nice Artist, premier festival d\u00e9nicheur de talents imagin\u00e9 sur le sol azur\u00e9en. Au programme de ces deux jours de festivit\u00e9 : une plong\u00e9e dans l\u2019univers des cr\u00e9ateurs, artistes et artisans qui font la fiert\u00e9 et toute l\u2019originalit\u00e9 de la French Riviera. Un \u00e9v\u00e9nement multisensoriel au cours duquel parfumeurs, cr\u00e9ateurs de mode, designers, restaurateurs, p\u00e2tissiers\u2026 Ont c\u00e9l\u00e9br\u00e9 l\u2019esprit festif dans les jardins du ch\u00e2teau \u00e0 l\u2019occasion de d\u00e9monstrations, d\u2019expositions et de d\u00e9gustations de leurs cr\u00e9ations.<\/p>\n\n\n\n<h2 class=\"wp-block-heading\">Instants privil\u00e9gi\u00e9s autour du vin<\/h2>\n\n\n\n<p>Mais l\u2019automne au Ch\u00e2teau de Cr\u00e9mat reste aussi une excellente occasion de vivre l\u2019apr\u00e8s vendanges, et d\u2019imaginer de beaux \u00e9v\u00e9nements en lien avec la culture \u0153nologique et l\u2019art de vivre azur\u00e9en. La pr\u00e9paration de workshops, de s\u00e9minaires ou de toute autre formule de networking s\u2019accommode parfaitement avec la configuration des lieux qui peuvent recevoir vos clients et partenaires \u00e0 l\u2019occasion de cocktails et de d\u00e9gustations. Des instants \u00e0 vivre dans la vinoth\u00e8que du ch\u00e2teau, au d\u00e9tour d\u2019une visite guid\u00e9e des lieux et du chai, tout indiqu\u00e9 pour s\u2019impr\u00e9gner de l\u2019\u00e2me du site.<\/p>\n\n\n<a href=\"#\" class=\"_3d-flip-book  fb3d-link-lightbox-mode\" data-id=\"9313\" data-mode=\"link-lightbox\" data-title=\"false\" data-template=\"short-white-book-view\" data-lightbox=\"dark\" data-urlparam=\"fb3d-page\" data-page-n=\"0\" data-pdf=\"\" data-tax=\"null\" data-thumbnail=\"\" data-cols=\"3\" data-query=\"\"><img decoding=\"async\" src=\"http:\/\/www.in-magazines.com\/magazine\/wp-content\/uploads\/2021\/05\/btn.jpg\"><\/a>\n","protected":false},"excerpt":{"rendered":"<p>En sollicitant l&rsquo;excellence et l&rsquo;originalit&eacute; de l&rsquo;artisanat azur&eacute;en, le Ch&acirc;teau de Cr&eacute;mat invitait &agrave; &laquo; L&rsquo;Art de la f&ecirc;te &raquo; les 8 et 9 octobre derniers. Une premi&egrave;re &eacute;dition pour d&eacute;couvrir l&rsquo;embl&eacute;matique joyau azur&eacute;en, qui accueillait le temps d&rsquo;un weekend end artistes, cr&eacute;ateurs, gastronomie ainsi qu&rsquo;une foule d&rsquo;animations d&eacute;di&eacute;es &agrave; l&rsquo;art de vivre. Sans oublier&hellip; <a class=\"more-link\" href=\"https:\/\/www.in-magazines.com\/magazine\/sommaire\/inmagazine-29\/chateau-de-cremat-lart-de-la-fete-celebre-toute-lannee\/\">Poursuivre la lecture <span class=\"screen-reader-text\">CH\u00c2TEAU DE CR\u00c9MAT : L\u2019ART DE LA F\u00caTE, c\u00e9l\u00e9br\u00e9 toute l\u2019ann\u00e9e<\/span><\/a><\/p>\n","protected":false},"author":1,"featured_media":9668,"comment_status":"open","ping_status":"open","sticky":false,"template":"","format":"standard","meta":{"footnotes":""},"categories":[1798,1700],"tags":[34,36],"yoast_head":"<!-- This site is optimized with the Yoast SEO plugin v16.2 - https:\/\/yoast.com\/wordpress\/plugins\/seo\/ -->\n<title>CH\u00c2TEAU DE CR\u00c9MAT : L\u2019ART DE LA F\u00caTE, c\u00e9l\u00e9br\u00e9 toute l\u2019ann\u00e9e - In Magazines<\/title>\n<meta name=\"robots\" content=\"index, follow, max-snippet:-1, max-image-preview:large, max-video-preview:-1\" \/>\n<link rel=\"canonical\" href=\"https:\/\/www.in-magazines.com\/magazine\/sommaire\/inmagazine-29\/chateau-de-cremat-lart-de-la-fete-celebre-toute-lannee\/\" \/>\n<meta property=\"og:locale\" content=\"fr_FR\" \/>\n<meta property=\"og:type\" content=\"article\" \/>\n<meta property=\"og:title\" content=\"CH\u00c2TEAU DE CR\u00c9MAT : L\u2019ART DE LA F\u00caTE, c\u00e9l\u00e9br\u00e9 toute l\u2019ann\u00e9e - In Magazines\" \/>\n<meta property=\"og:description\" content=\"En sollicitant l&rsquo;excellence et l&rsquo;originalit&eacute; de l&rsquo;artisanat azur&eacute;en, le Ch&acirc;teau de Cr&eacute;mat invitait &agrave; &laquo; L&rsquo;Art de la f&ecirc;te &raquo; les 8 et 9 octobre derniers. Une premi&egrave;re &eacute;dition pour d&eacute;couvrir l&rsquo;embl&eacute;matique joyau azur&eacute;en, qui accueillait le temps d&rsquo;un weekend end artistes, cr&eacute;ateurs, gastronomie ainsi qu&rsquo;une foule d&rsquo;animations d&eacute;di&eacute;es &agrave; l&rsquo;art de vivre. Sans oublier&hellip; Poursuivre la lecture CH\u00c2TEAU DE CR\u00c9MAT : L\u2019ART DE LA F\u00caTE, c\u00e9l\u00e9br\u00e9 toute l\u2019ann\u00e9e\" \/>\n<meta property=\"og:url\" content=\"https:\/\/www.in-magazines.com\/magazine\/sommaire\/inmagazine-29\/chateau-de-cremat-lart-de-la-fete-celebre-toute-lannee\/\" \/>\n<meta property=\"og:site_name\" content=\"In Magazines\" \/>\n<meta property=\"article:published_time\" content=\"2022-10-10T06:37:00+00:00\" \/>\n<meta property=\"article:modified_time\" content=\"2022-10-10T06:11:59+00:00\" \/>\n<meta property=\"og:image\" content=\"https:\/\/www.in-magazines.com\/magazine\/wp-content\/uploads\/2022\/10\/img82-1.jpg\" \/>\n\t<meta property=\"og:image:width\" content=\"1439\" \/>\n\t<meta property=\"og:image:height\" content=\"1079\" \/>\n<meta name=\"twitter:label1\" content=\"Dur\u00e9e de lecture est.\">\n\t<meta name=\"twitter:data1\" content=\"2 minutes\">\n<script type=\"application\/ld+json\" class=\"yoast-schema-graph\">{\"@context\":\"https:\/\/schema.org\",\"@graph\":[{\"@type\":\"WebSite\",\"@id\":\"https:\/\/www.in-magazines.com\/magazine\/#website\",\"url\":\"https:\/\/www.in-magazines.com\/magazine\/\",\"name\":\"In Magazines\",\"description\":\"\",\"potentialAction\":[{\"@type\":\"SearchAction\",\"target\":\"https:\/\/www.in-magazines.com\/magazine\/?s={search_term_string}\",\"query-input\":\"required name=search_term_string\"}],\"inLanguage\":\"fr-FR\"},{\"@type\":\"ImageObject\",\"@id\":\"https:\/\/www.in-magazines.com\/magazine\/sommaire\/inmagazine-29\/chateau-de-cremat-lart-de-la-fete-celebre-toute-lannee\/#primaryimage\",\"inLanguage\":\"fr-FR\",\"url\":\"https:\/\/www.in-magazines.com\/magazine\/wp-content\/uploads\/2022\/10\/img82-1.jpg\",\"contentUrl\":\"https:\/\/www.in-magazines.com\/magazine\/wp-content\/uploads\/2022\/10\/img82-1.jpg\",\"width\":1439,\"height\":1079},{\"@type\":\"WebPage\",\"@id\":\"https:\/\/www.in-magazines.com\/magazine\/sommaire\/inmagazine-29\/chateau-de-cremat-lart-de-la-fete-celebre-toute-lannee\/#webpage\",\"url\":\"https:\/\/www.in-magazines.com\/magazine\/sommaire\/inmagazine-29\/chateau-de-cremat-lart-de-la-fete-celebre-toute-lannee\/\",\"name\":\"CH\\u00c2TEAU DE CR\\u00c9MAT : L\\u2019ART DE LA F\\u00caTE, c\\u00e9l\\u00e9br\\u00e9 toute l\\u2019ann\\u00e9e - In Magazines\",\"isPartOf\":{\"@id\":\"https:\/\/www.in-magazines.com\/magazine\/#website\"},\"primaryImageOfPage\":{\"@id\":\"https:\/\/www.in-magazines.com\/magazine\/sommaire\/inmagazine-29\/chateau-de-cremat-lart-de-la-fete-celebre-toute-lannee\/#primaryimage\"},\"datePublished\":\"2022-10-10T06:37:00+00:00\",\"dateModified\":\"2022-10-10T06:11:59+00:00\",\"author\":{\"@id\":\"https:\/\/www.in-magazines.com\/magazine\/#\/schema\/person\/c27e7dabb9a1ef380814bdd5636d07e3\"},\"breadcrumb\":{\"@id\":\"https:\/\/www.in-magazines.com\/magazine\/sommaire\/inmagazine-29\/chateau-de-cremat-lart-de-la-fete-celebre-toute-lannee\/#breadcrumb\"},\"inLanguage\":\"fr-FR\",\"potentialAction\":[{\"@type\":\"ReadAction\",\"target\":[\"https:\/\/www.in-magazines.com\/magazine\/sommaire\/inmagazine-29\/chateau-de-cremat-lart-de-la-fete-celebre-toute-lannee\/\"]}]},{\"@type\":\"BreadcrumbList\",\"@id\":\"https:\/\/www.in-magazines.com\/magazine\/sommaire\/inmagazine-29\/chateau-de-cremat-lart-de-la-fete-celebre-toute-lannee\/#breadcrumb\",\"itemListElement\":[{\"@type\":\"ListItem\",\"position\":1,\"item\":{\"@id\":\"https:\/\/www.in-magazines.com\/magazine\/sommaire\/inmagazine-29\/chateau-de-cremat-lart-de-la-fete-celebre-toute-lannee\/#webpage\"}}]},{\"@type\":\"Person\",\"@id\":\"https:\/\/www.in-magazines.com\/magazine\/#\/schema\/person\/c27e7dabb9a1ef380814bdd5636d07e3\",\"name\":\"backinmag\",\"image\":{\"@type\":\"ImageObject\",\"@id\":\"https:\/\/www.in-magazines.com\/magazine\/#personlogo\",\"inLanguage\":\"fr-FR\",\"url\":\"https:\/\/secure.gravatar.com\/avatar\/13a234bb19dc4fd04793d73c3472fbdb?s=96&d=mm&r=g\",\"contentUrl\":\"https:\/\/secure.gravatar.com\/avatar\/13a234bb19dc4fd04793d73c3472fbdb?s=96&d=mm&r=g\",\"caption\":\"backinmag\"},\"sameAs\":[\"http:\/\/www.in-magazines.com\/magazin\"]}]}<\/script>\n<!-- \/ Yoast SEO plugin. -->","_links":{"self":[{"href":"https:\/\/www.in-magazines.com\/magazine\/wp-json\/wp\/v2\/posts\/9663"}],"collection":[{"href":"https:\/\/www.in-magazines.com\/magazine\/wp-json\/wp\/v2\/posts"}],"about":[{"href":"https:\/\/www.in-magazines.com\/magazine\/wp-json\/wp\/v2\/types\/post"}],"author":[{"embeddable":true,"href":"https:\/\/www.in-magazines.com\/magazine\/wp-json\/wp\/v2\/users\/1"}],"replies":[{"embeddable":true,"href":"https:\/\/www.in-magazines.com\/magazine\/wp-json\/wp\/v2\/comments?post=9663"}],"version-history":[{"count":6,"href":"https:\/\/www.in-magazines.com\/magazine\/wp-json\/wp\/v2\/posts\/9663\/revisions"}],"predecessor-version":[{"id":9700,"href":"https:\/\/www.in-magazines.com\/magazine\/wp-json\/wp\/v2\/posts\/9663\/revisions\/9700"}],"wp:featuredmedia":[{"embeddable":true,"href":"https:\/\/www.in-magazines.com\/magazine\/wp-json\/wp\/v2\/media\/9668"}],"wp:attachment":[{"href":"https:\/\/www.in-magazines.com\/magazine\/wp-json\/wp\/v2\/media?parent=9663"}],"wp:term":[{"taxonomy":"category","embeddable":true,"href":"https:\/\/www.in-magazines.com\/magazine\/wp-json\/wp\/v2\/categories?post=9663"},{"taxonomy":"post_tag","embeddable":true,"href":"https:\/\/www.in-magazines.com\/magazine\/wp-json\/wp\/v2\/tags?post=9663"}],"curies":[{"name":"wp","href":"https:\/\/api.w.org\/{rel}","templated":true}]}}