

{"id":9898,"date":"2022-12-07T06:46:00","date_gmt":"2022-12-07T06:46:00","guid":{"rendered":"https:\/\/www.in-magazines.com\/magazine\/?p=9898"},"modified":"2022-12-05T12:18:13","modified_gmt":"2022-12-05T12:18:13","slug":"garage-molines-mobilians-gerard-molines-dans-le-wagon-de-tete","status":"publish","type":"post","link":"https:\/\/www.in-magazines.com\/magazine\/sommaire\/inmagazine-30\/garage-molines-mobilians-gerard-molines-dans-le-wagon-de-tete\/","title":{"rendered":"GARAGE MOLINES \/ MOBILIANS G\u00c9RARD MOLINES : DANS LE WAGON de t\u00eate"},"content":{"rendered":"\n<p>Patron, syndicaliste, f\u00e9d\u00e9rateur et combatif, G\u00e9rard Molines, sans cesse en mouvement, a toujours couru sur plusieurs pistes \u00e0 un rythme soutenu.<\/p>\n\n\n\n<p>\u00a0\u00abSi un boulanger \u00e9tait pass\u00e9 devant chez mes parents, j\u2019aurais certainement vendu du pain ! \u00bb. <br>En 1984, G\u00e9rard Molines termine ses \u00e9tudes au Ceram (\u00e9cole de commerce devenue depuis Skema Business School), lorsqu\u2019un d\u00e9veloppeur du r\u00e9seau Peugeot sonne \u00e0 la porte de ses parents au Tignet, int\u00e9ress\u00e9 par le grand parking qui jouxte leur maison pour les convaincre d\u2019y installer une agence de la griffe au lion. Le garage de la villa familiale devient vite un showroom o\u00f9 d\u00e8s la premi\u00e8re ann\u00e9e, 45 voitures sont vendues !<\/p>\n\n\n\n<p>Et voil\u00e0 comment G\u00e9rard s\u2019est lanc\u00e9 dans l\u2019automobile avec une certaine r\u00e9ussite : plus de 36 ans plus tard, le garage Molines, Agent Peugeot, a commercialis\u00e9 en 2021, 220 v\u00e9hicules neufs et d\u2019occasion, autour d\u2019une \u00e9quipe de 14 personnes en m\u00e9canique, carrosserie, dans la vente et l\u2019administration.<\/p>\n\n\n\n<p><\/p>\n\n\n\n<h2 class=\"wp-block-heading\">Mobilis\u00e9 sur la mobilit\u00e9<\/h2>\n\n\n\n<p>\u00ab Je n\u2019avais jamais fait \u00e7a mais j\u2019\u00e9tais motiv\u00e9 et j\u2019avais la fibre commerciale ! \u00bb nuance-t-il. D\u2019autant que G\u00e9rard s\u2019adapte vite, en int\u00e9grant le groupement d\u00e9partemental des agents Peugeot. En 1998, il en est le pr\u00e9sident national et f\u00e9d\u00e8re 4800 agents (80 % de repr\u00e9sentativit\u00e9), n\u00e9gociant coude \u00e0 coude avec le constructeur et les concessions toutes puissantes de l\u2019\u00e9poque, notamment dans le cadre de la nouvelle r\u00e9glementation europ\u00e9enne du secteur automobile.<\/p>\n\n\n\n<p>En parall\u00e8le, on le sollicite au sein du CNPA, la premi\u00e8re organisation repr\u00e9sentative du secteur automobile en France, devenu Mobilians, qui d\u00e9fend 21 m\u00e9tiers li\u00e9s \u00e0 la mobilit\u00e9, de la distribution jusqu\u2019\u00e0 la destruction auto. Vaste t\u00e2che, m\u00eame si \u00ab Nous travaillons depuis longtemps sur les enjeux li\u00e9s \u00e0 la d\u00e9carbonation et la mobilit\u00e9 douce \u00bb.<\/p>\n\n\n<a href=\"#\" class=\"_3d-flip-book  fb3d-link-lightbox-mode\" data-id=\"9799\" data-mode=\"link-lightbox\" data-title=\"false\" data-template=\"short-white-book-view\" data-lightbox=\"dark\" data-urlparam=\"fb3d-page\" data-page-n=\"0\" data-pdf=\"\" data-tax=\"null\" data-thumbnail=\"\" data-cols=\"3\" data-query=\"\"><img decoding=\"async\" src=\"http:\/\/www.in-magazines.com\/magazine\/wp-content\/uploads\/2021\/05\/btn.jpg\"><\/a>\n","protected":false},"excerpt":{"rendered":"<p>Patron, syndicaliste, f&eacute;d&eacute;rateur et combatif, G&eacute;rard Molines, sans cesse en mouvement, a toujours couru sur plusieurs pistes &agrave; un rythme soutenu. &nbsp;&laquo;Si un boulanger &eacute;tait pass&eacute; devant chez mes parents, j&rsquo;aurais certainement vendu du pain ! &raquo;. En 1984, G&eacute;rard Molines termine ses &eacute;tudes au Ceram (&eacute;cole de commerce devenue depuis Skema Business School), lorsqu&rsquo;un&hellip; <a class=\"more-link\" href=\"https:\/\/www.in-magazines.com\/magazine\/sommaire\/inmagazine-30\/garage-molines-mobilians-gerard-molines-dans-le-wagon-de-tete\/\">Poursuivre la lecture <span class=\"screen-reader-text\">GARAGE MOLINES \/ MOBILIANS G\u00c9RARD MOLINES : DANS LE WAGON de t\u00eate<\/span><\/a><\/p>\n","protected":false},"author":1,"featured_media":9899,"comment_status":"open","ping_status":"open","sticky":false,"template":"","format":"standard","meta":{"footnotes":""},"categories":[1694,1834],"tags":[1852,1853],"yoast_head":"<!-- This site is optimized with the Yoast SEO plugin v16.2 - https:\/\/yoast.com\/wordpress\/plugins\/seo\/ -->\n<title>GARAGE MOLINES \/ MOBILIANS G\u00c9RARD MOLINES : DANS LE WAGON de t\u00eate - In Magazines<\/title>\n<meta name=\"robots\" content=\"index, follow, max-snippet:-1, max-image-preview:large, max-video-preview:-1\" \/>\n<link rel=\"canonical\" href=\"https:\/\/www.in-magazines.com\/magazine\/sommaire\/inmagazine-30\/garage-molines-mobilians-gerard-molines-dans-le-wagon-de-tete\/\" \/>\n<meta property=\"og:locale\" content=\"fr_FR\" \/>\n<meta property=\"og:type\" content=\"article\" \/>\n<meta property=\"og:title\" content=\"GARAGE MOLINES \/ MOBILIANS G\u00c9RARD MOLINES : DANS LE WAGON de t\u00eate - In Magazines\" \/>\n<meta property=\"og:description\" content=\"Patron, syndicaliste, f&eacute;d&eacute;rateur et combatif, G&eacute;rard Molines, sans cesse en mouvement, a toujours couru sur plusieurs pistes &agrave; un rythme soutenu. &nbsp;&laquo;Si un boulanger &eacute;tait pass&eacute; devant chez mes parents, j&rsquo;aurais certainement vendu du pain ! &raquo;. En 1984, G&eacute;rard Molines termine ses &eacute;tudes au Ceram (&eacute;cole de commerce devenue depuis Skema Business School), lorsqu&rsquo;un&hellip; Poursuivre la lecture GARAGE MOLINES \/ MOBILIANS G\u00c9RARD MOLINES : DANS LE WAGON de t\u00eate\" \/>\n<meta property=\"og:url\" content=\"https:\/\/www.in-magazines.com\/magazine\/sommaire\/inmagazine-30\/garage-molines-mobilians-gerard-molines-dans-le-wagon-de-tete\/\" \/>\n<meta property=\"og:site_name\" content=\"In Magazines\" \/>\n<meta property=\"article:published_time\" content=\"2022-12-07T06:46:00+00:00\" \/>\n<meta property=\"article:modified_time\" content=\"2022-12-05T12:18:13+00:00\" \/>\n<meta property=\"og:image\" content=\"https:\/\/www.in-magazines.com\/magazine\/wp-content\/uploads\/2022\/12\/GARAGE-MOLINES-MOBILIANS-Gerard-Molines_page-0001.jpg\" \/>\n\t<meta property=\"og:image:width\" content=\"750\" \/>\n\t<meta property=\"og:image:height\" content=\"779\" \/>\n<meta name=\"twitter:label1\" content=\"Dur\u00e9e de lecture est.\">\n\t<meta name=\"twitter:data1\" content=\"2 minutes\">\n<script type=\"application\/ld+json\" class=\"yoast-schema-graph\">{\"@context\":\"https:\/\/schema.org\",\"@graph\":[{\"@type\":\"WebSite\",\"@id\":\"https:\/\/www.in-magazines.com\/magazine\/#website\",\"url\":\"https:\/\/www.in-magazines.com\/magazine\/\",\"name\":\"In Magazines\",\"description\":\"\",\"potentialAction\":[{\"@type\":\"SearchAction\",\"target\":\"https:\/\/www.in-magazines.com\/magazine\/?s={search_term_string}\",\"query-input\":\"required name=search_term_string\"}],\"inLanguage\":\"fr-FR\"},{\"@type\":\"ImageObject\",\"@id\":\"https:\/\/www.in-magazines.com\/magazine\/sommaire\/inmagazine-30\/garage-molines-mobilians-gerard-molines-dans-le-wagon-de-tete\/#primaryimage\",\"inLanguage\":\"fr-FR\",\"url\":\"https:\/\/www.in-magazines.com\/magazine\/wp-content\/uploads\/2022\/12\/GARAGE-MOLINES-MOBILIANS-Gerard-Molines_page-0001.jpg\",\"contentUrl\":\"https:\/\/www.in-magazines.com\/magazine\/wp-content\/uploads\/2022\/12\/GARAGE-MOLINES-MOBILIANS-Gerard-Molines_page-0001.jpg\",\"width\":750,\"height\":779},{\"@type\":\"WebPage\",\"@id\":\"https:\/\/www.in-magazines.com\/magazine\/sommaire\/inmagazine-30\/garage-molines-mobilians-gerard-molines-dans-le-wagon-de-tete\/#webpage\",\"url\":\"https:\/\/www.in-magazines.com\/magazine\/sommaire\/inmagazine-30\/garage-molines-mobilians-gerard-molines-dans-le-wagon-de-tete\/\",\"name\":\"GARAGE MOLINES \/ MOBILIANS G\\u00c9RARD MOLINES : DANS LE WAGON de t\\u00eate - In Magazines\",\"isPartOf\":{\"@id\":\"https:\/\/www.in-magazines.com\/magazine\/#website\"},\"primaryImageOfPage\":{\"@id\":\"https:\/\/www.in-magazines.com\/magazine\/sommaire\/inmagazine-30\/garage-molines-mobilians-gerard-molines-dans-le-wagon-de-tete\/#primaryimage\"},\"datePublished\":\"2022-12-07T06:46:00+00:00\",\"dateModified\":\"2022-12-05T12:18:13+00:00\",\"author\":{\"@id\":\"https:\/\/www.in-magazines.com\/magazine\/#\/schema\/person\/c27e7dabb9a1ef380814bdd5636d07e3\"},\"breadcrumb\":{\"@id\":\"https:\/\/www.in-magazines.com\/magazine\/sommaire\/inmagazine-30\/garage-molines-mobilians-gerard-molines-dans-le-wagon-de-tete\/#breadcrumb\"},\"inLanguage\":\"fr-FR\",\"potentialAction\":[{\"@type\":\"ReadAction\",\"target\":[\"https:\/\/www.in-magazines.com\/magazine\/sommaire\/inmagazine-30\/garage-molines-mobilians-gerard-molines-dans-le-wagon-de-tete\/\"]}]},{\"@type\":\"BreadcrumbList\",\"@id\":\"https:\/\/www.in-magazines.com\/magazine\/sommaire\/inmagazine-30\/garage-molines-mobilians-gerard-molines-dans-le-wagon-de-tete\/#breadcrumb\",\"itemListElement\":[{\"@type\":\"ListItem\",\"position\":1,\"item\":{\"@id\":\"https:\/\/www.in-magazines.com\/magazine\/sommaire\/inmagazine-30\/garage-molines-mobilians-gerard-molines-dans-le-wagon-de-tete\/#webpage\"}}]},{\"@type\":\"Person\",\"@id\":\"https:\/\/www.in-magazines.com\/magazine\/#\/schema\/person\/c27e7dabb9a1ef380814bdd5636d07e3\",\"name\":\"backinmag\",\"image\":{\"@type\":\"ImageObject\",\"@id\":\"https:\/\/www.in-magazines.com\/magazine\/#personlogo\",\"inLanguage\":\"fr-FR\",\"url\":\"https:\/\/secure.gravatar.com\/avatar\/13a234bb19dc4fd04793d73c3472fbdb?s=96&d=mm&r=g\",\"contentUrl\":\"https:\/\/secure.gravatar.com\/avatar\/13a234bb19dc4fd04793d73c3472fbdb?s=96&d=mm&r=g\",\"caption\":\"backinmag\"},\"sameAs\":[\"http:\/\/www.in-magazines.com\/magazin\"]}]}<\/script>\n<!-- \/ Yoast SEO plugin. -->","_links":{"self":[{"href":"https:\/\/www.in-magazines.com\/magazine\/wp-json\/wp\/v2\/posts\/9898"}],"collection":[{"href":"https:\/\/www.in-magazines.com\/magazine\/wp-json\/wp\/v2\/posts"}],"about":[{"href":"https:\/\/www.in-magazines.com\/magazine\/wp-json\/wp\/v2\/types\/post"}],"author":[{"embeddable":true,"href":"https:\/\/www.in-magazines.com\/magazine\/wp-json\/wp\/v2\/users\/1"}],"replies":[{"embeddable":true,"href":"https:\/\/www.in-magazines.com\/magazine\/wp-json\/wp\/v2\/comments?post=9898"}],"version-history":[{"count":14,"href":"https:\/\/www.in-magazines.com\/magazine\/wp-json\/wp\/v2\/posts\/9898\/revisions"}],"predecessor-version":[{"id":9915,"href":"https:\/\/www.in-magazines.com\/magazine\/wp-json\/wp\/v2\/posts\/9898\/revisions\/9915"}],"wp:featuredmedia":[{"embeddable":true,"href":"https:\/\/www.in-magazines.com\/magazine\/wp-json\/wp\/v2\/media\/9899"}],"wp:attachment":[{"href":"https:\/\/www.in-magazines.com\/magazine\/wp-json\/wp\/v2\/media?parent=9898"}],"wp:term":[{"taxonomy":"category","embeddable":true,"href":"https:\/\/www.in-magazines.com\/magazine\/wp-json\/wp\/v2\/categories?post=9898"},{"taxonomy":"post_tag","embeddable":true,"href":"https:\/\/www.in-magazines.com\/magazine\/wp-json\/wp\/v2\/tags?post=9898"}],"curies":[{"name":"wp","href":"https:\/\/api.w.org\/{rel}","templated":true}]}}